{"id":55891,"date":"2023-05-31T15:09:03","date_gmt":"2023-05-31T20:09:03","guid":{"rendered":"http:\/\/www.zonaroja.com.mx\/?p=55891"},"modified":"2023-05-31T15:09:04","modified_gmt":"2023-05-31T20:09:04","slug":"oaxaca-capital-en-narices-de-policiad-asaltan-montepio-e-incendian-vehiculo","status":"publish","type":"post","link":"https:\/\/zonaroja.com.mx\/?p=55891","title":{"rendered":"Oaxaca capital: en narices de polic\u00edad asaltan Montep\u00edo e incendian veh\u00edculo"},"content":{"rendered":"\n<p>Ismael Garc\u00eda M.\/Zona Roja.<\/p>\n\n\n\n<p>Oaxaca de Ju\u00e1rez, Oax., a 31 de mayo de 2023.- En pleno Centro Hist\u00f3rico de la ciudad de Oaxaca, y ante la ausencia policiaca, fue asaltada una sucursal del Nacional Monte de Piedad y fue incendiado un veh\u00edculo, en dos hechos distintos.<\/p>\n\n\n\n<p>Alrededor de las 10:00 horas, en el establecimiento de pr\u00e9stamo ubicado en la segunda calle de Ray\u00f3n, a tres cuadras del Palacio de Gobierno \u2014donde autoridades estatales ofrec\u00edan una conferencia en materia de seguridad&#8211;, al menos dos sujetos armados ingresaron para cometer el asalto.<\/p>\n\n\n\n<p>Polic\u00edas municipales arribaron al sitio pero una vez cometido el delito, por lo cual los asaltantes se retiraron a pie y sin ninguna complicaci\u00f3n, pese al ruido de la alarma del local.<\/p>\n\n\n\n<p>M\u00e1s tarde arribaron elementos de la Fiscal\u00eda General del Estado de Oaxaca, para iniciar las indagatorias y hasta ahora no se ha revelado el monto del hurto.<\/p>\n\n\n\n<figure class=\"wp-block-embed\"><div class=\"wp-block-embed__wrapper\">\n<div class=\"twitter-tweet\"><blockquote class=\"twitter-tweet\" data-lang=\"es\"><p lang=\"es\" dir=\"ltr\"><a href=\"https:\/\/twitter.com\/hashtag\/%C3%9AltimoMinuto?src=hash&amp;ref_src=twsrc%5Etfw\">#\u00daltimoMinuto<\/a> <br>Asaltan una sucursal de Nacional Monte de Piedad, ubicada en la calle Ray\u00f3n entre Armenta y L\u00f3pez y Fiallo, a tres cuadras del z\u00f3calo de la capital  de Oaxaca. <a href=\"https:\/\/t.co\/QFcXyiZ4OP\">pic.twitter.com\/QFcXyiZ4OP<\/a><\/p>&mdash; Zona Roja Oaxaca (@ZonaRoja_Oaxaca) <a href=\"https:\/\/twitter.com\/ZonaRoja_Oaxaca\/status\/1663947575425105935?ref_src=twsrc%5Etfw\">31 de mayo de 2023<\/a><\/blockquote><\/div>\n<\/div><\/figure>\n\n\n\n<p>Horas antes, durante la madrugada, en la calle Porfirio D\u00edaz, a una cuadra del templo de Santo Domingo de Guzm\u00e1n, fue incendiado un veh\u00edculo de motor; tambi\u00e9n no hab\u00eda ning\u00fan polic\u00eda en la zona, por lo cual &nbsp;autores de este siniestro se retiraron tranquilamente.<\/p>\n\n\n\n<p>Fue personal del Heroico Cuerpo de Bomberos que lleg\u00f3 primero al sitio, para sofocar el siniestro, pero la unidad ya hab\u00eda sido calcinada en su totalidad.<\/p>\n\n\n\n<p>Se trata de un veh\u00edculo marca Chevrolet, tipo Spark, con placas de circulaci\u00f3n TMC-6215 el cual hasta esta tarde no ha sido reclamado.&nbsp;<\/p>\n\n\n\n<p>Hasta ahora por ambos casos no hay ninguna persona detenida.<\/p>\n\n\n\n<figure class=\"wp-block-embed\"><div class=\"wp-block-embed__wrapper\">\n<div class=\"twitter-tweet\"><blockquote class=\"twitter-tweet\" data-lang=\"es\"><p lang=\"es\" dir=\"ltr\">La madrugada de hoy fue incendiado un veh\u00edculo de motor, en la calle Porfirio D\u00edaz, Centro Hist\u00f3rico de la ciudad de Oaxaca.<br>Ninguna autoridad ni polic\u00edas del <a href=\"https:\/\/twitter.com\/MunicipioOaxaca?ref_src=twsrc%5Etfw\">@MunicipioOaxaca<\/a> se dieron cuenta a tiempo de ello.<br>Personal del Cuerpo de Bomberos sofoc\u00f3 el siniestro y hasta ahora\u2026 <a href=\"https:\/\/t.co\/eSl8XFW8Ix\">pic.twitter.com\/eSl8XFW8Ix<\/a><\/p>&mdash; Zona Roja Oaxaca (@ZonaRoja_Oaxaca) <a href=\"https:\/\/twitter.com\/ZonaRoja_Oaxaca\/status\/1663914144783900674?ref_src=twsrc%5Etfw\">31 de mayo de 2023<\/a><\/blockquote><\/div>\n<\/div><\/figure>\n","protected":false},"excerpt":{"rendered":"<p>Ismael Garc\u00eda M.\/Zona Roja. Oaxaca de Ju\u00e1rez, Oax., a 31 de mayo de 2023.- En&hellip;<\/p>\n","protected":false},"author":2,"featured_media":55890,"comment_status":"closed","ping_status":"open","sticky":false,"template":"","format":"standard","meta":{"_lmt_disableupdate":"","_lmt_disable":"","_jetpack_memberships_contains_paid_content":false,"footnotes":""},"categories":[109,47],"tags":[],"class_list":["post-55891","post","type-post","status-publish","format-standard","has-post-thumbnail","hentry","category-minuto-a-minuto","category-zona-gris"],"jetpack_featured_media_url":"https:\/\/zonaroja.com.mx\/wp-content\/uploads\/2023\/05\/044e36f6-e908-4f08-8b47-022c6dd17cbc.jpg","jetpack_sharing_enabled":true,"_links":{"self":[{"href":"https:\/\/zonaroja.com.mx\/index.php?rest_route=\/wp\/v2\/posts\/55891","targetHints":{"allow":["GET"]}}],"collection":[{"href":"https:\/\/zonaroja.com.mx\/index.php?rest_route=\/wp\/v2\/posts"}],"about":[{"href":"https:\/\/zonaroja.com.mx\/index.php?rest_route=\/wp\/v2\/types\/post"}],"author":[{"embeddable":true,"href":"https:\/\/zonaroja.com.mx\/index.php?rest_route=\/wp\/v2\/users\/2"}],"replies":[{"embeddable":true,"href":"https:\/\/zonaroja.com.mx\/index.php?rest_route=%2Fwp%2Fv2%2Fcomments&post=55891"}],"version-history":[{"count":1,"href":"https:\/\/zonaroja.com.mx\/index.php?rest_route=\/wp\/v2\/posts\/55891\/revisions"}],"predecessor-version":[{"id":55892,"href":"https:\/\/zonaroja.com.mx\/index.php?rest_route=\/wp\/v2\/posts\/55891\/revisions\/55892"}],"wp:featuredmedia":[{"embeddable":true,"href":"https:\/\/zonaroja.com.mx\/index.php?rest_route=\/wp\/v2\/media\/55890"}],"wp:attachment":[{"href":"https:\/\/zonaroja.com.mx\/index.php?rest_route=%2Fwp%2Fv2%2Fmedia&parent=55891"}],"wp:term":[{"taxonomy":"category","embeddable":true,"href":"https:\/\/zonaroja.com.mx\/index.php?rest_route=%2Fwp%2Fv2%2Fcategories&post=55891"},{"taxonomy":"post_tag","embeddable":true,"href":"https:\/\/zonaroja.com.mx\/index.php?rest_route=%2Fwp%2Fv2%2Ftags&post=55891"}],"curies":[{"name":"wp","href":"https:\/\/api.w.org\/{rel}","templated":true}]}}