{"id":55893,"date":"2023-05-31T20:36:52","date_gmt":"2023-06-01T01:36:52","guid":{"rendered":"http:\/\/www.zonaroja.com.mx\/?p=55893"},"modified":"2023-05-31T20:43:10","modified_gmt":"2023-06-01T01:43:10","slug":"exigen-liberacion-de-mazateco-de-eloxochitlan-aseguran-que-es-preso-politico","status":"publish","type":"post","link":"https:\/\/zonaroja.com.mx\/?p=55893","title":{"rendered":"Exigen liberaci\u00f3n de mazateco de Eloxochitl\u00e1n; aseguran que es preso pol\u00edtico"},"content":{"rendered":"\n<p>Yuridiana Sosa\/Zona Roja.<\/p>\n\n\n\n<p>Oaxaca de Ju\u00e1rez, Oax., a 31 de mayo de 2023.- Pese a que no existe delito qu\u00e9 perseguir, el ind\u00edgena mazateco de Eloxochitl\u00e1n de Flores Mag\u00f3n, Marcelino Miram\u00f3n-  integrante de la Asamble Comunitaria- fue detenido el pasado 22 de mayo con el fin de sembrar el temor en la comunidad, por su insistente lucha para la liberaci\u00f3n de sus presos pol\u00edticos.<\/p>\n\n\n\n<p>As\u00ed lo denunci\u00f3 el Colectivo Presos Pol\u00edticos de Eloxochitl\u00e1n, que detall\u00f3 que el delito por el que fue detenido, incendi\u00f3, en el expediente 16\/2016, est\u00e1 prescrito, por lo que esta acci\u00f3n de parte del Poder Judicial de Oaxaca simboliza un castigo a su comunidad, la cual no cesar\u00e1 en su exigencia.<\/p>\n\n\n\n<p>\u201cLas detenciones arbitrarias en contra de las y los pobladores de Eloxochitl\u00e1n de Flores Mag\u00f3n, son y han sido una pr\u00e1ctica sistem\u00e1tica de represi\u00f3n orquestada por el grupo caciquil partidista encabezado por la hoy directora de la Secretar\u00eda de las Mujeres del Estado de Oaxaca, Elisa Zepeda Lagunas\u201d, manifestaron colectivos solidarios.<\/p>\n\n\n\n<p>De acuerdo con los defensores, la detenci\u00f3n no s\u00f3lo fue ilegal, tambi\u00e9n present\u00f3 irregularidades como el que a pesar que lo aprehendieron en Huautla, no lo ingresaron al reclusorio m\u00e1s cercano y lo trasladaron al penal de Tanivet, a ocho horas de su domicilio y fue hasta las 17:00 horas del 24 de mayo que el juzgado de Tanivet comenz\u00f3 a contar el tiempo de detenci\u00f3n.<\/p>\n\n\n\n<p>Ante el hecho, el Colectivo exigi\u00f3 la libertad inmediata de Miram\u00f3n, pues no hay delito qu\u00e9 perseguir y responsabiliz\u00f3 de la integridad f\u00edsica y psicol\u00f3gica al Tribunal de Justicia de Oaxaca.<\/p>\n\n\n\n<p>EXIGENCIAS EN&nbsp;<a href=\"http:\/\/CHANG.ORG\">CHANG.ORG<\/a><\/p>\n\n\n\n<p>En tanto que el Observatorio Memoria y Libertad lanz\u00f3 una petici\u00f3n en la plataforma digital internacional&nbsp;Change.org&nbsp;para la liberaci\u00f3n de presos pol\u00edticos de Eloxochitl\u00e1n, Oaxaca.<\/p>\n\n\n\n<p>En la petici\u00f3n se exige al Tribunal Superior de Oaxaca y a su Magistrado Eduardo Pinacho S\u00e1nchez las sentencias de libertad inmediatas para los presos pol\u00edticos de Eloxochitl\u00e1n: Jaime Betanzos, Fernando Gavito, Alfredo Bola\u00f1os, Omar Morales, Herminio Monfil, y Francisco Dur\u00e1n; quienes han sido v\u00edctimas de un encarcelamiento injusto y sin sentencia por m\u00e1s de 8 a\u00f1os.<\/p>\n\n\n\n<p>Precisan que durante estos 8 a\u00f1os, el Juzgado de Huautla ha sido corrupto y negligente, obstaculizando la libertad de los compa\u00f1eros, omitiendo pruebas, y dilatando simples procesos como el enviar informaci\u00f3n al Tribunal Superior de Oaxaca.<\/p>\n\n\n\n<figure class=\"wp-block-embed\"><div class=\"wp-block-embed__wrapper\">\n<div class=\"twitter-tweet\"><blockquote class=\"twitter-tweet\" data-lang=\"es\"><p lang=\"es\" dir=\"ltr\"><a href=\"https:\/\/twitter.com\/hashtag\/MARCELINOMIRAMON?src=hash&amp;ref_src=twsrc%5Etfw\">#MARCELINOMIRAMON<\/a> Ya Deben liberarlo. Ya corren las horas.<br><br>\ud83d\udd34El delito no existe en el expediente 16\/2016. Est\u00e1 prescrito. <br>\ud83d\udd34Cada hora que pase es responsabilidad del <a href=\"https:\/\/twitter.com\/tsjoaxaca?ref_src=twsrc%5Etfw\">@tsjoaxaca<\/a> y gobernador <a href=\"https:\/\/twitter.com\/salomonj?ref_src=twsrc%5Etfw\">@salomonj<\/a> <br><br>\u00a1Alto al hostigamiento contra las familias que luchan por la libertad! <a href=\"https:\/\/t.co\/n6jOwFKzno\">pic.twitter.com\/n6jOwFKzno<\/a><\/p>&mdash; Elox_floresmagon (@EloxMagon) <a href=\"https:\/\/twitter.com\/EloxMagon\/status\/1663759117054271489?ref_src=twsrc%5Etfw\">31 de mayo de 2023<\/a><\/blockquote><\/div>\n<\/div><\/figure>\n","protected":false},"excerpt":{"rendered":"<p>Yuridiana Sosa\/Zona Roja. Oaxaca de Ju\u00e1rez, Oax., a 31 de mayo de 2023.- Pese a&hellip;<\/p>\n","protected":false},"author":2,"featured_media":27911,"comment_status":"closed","ping_status":"open","sticky":false,"template":"","format":"standard","meta":{"_lmt_disableupdate":"","_lmt_disable":"","_jetpack_memberships_contains_paid_content":false,"footnotes":""},"categories":[109,47],"tags":[],"class_list":["post-55893","post","type-post","status-publish","format-standard","has-post-thumbnail","hentry","category-minuto-a-minuto","category-zona-gris"],"jetpack_featured_media_url":"https:\/\/zonaroja.com.mx\/wp-content\/uploads\/2021\/05\/Eloxochitlan-de-Flores-Magon-huelga-Judicatura.jpg","jetpack_sharing_enabled":true,"_links":{"self":[{"href":"https:\/\/zonaroja.com.mx\/index.php?rest_route=\/wp\/v2\/posts\/55893","targetHints":{"allow":["GET"]}}],"collection":[{"href":"https:\/\/zonaroja.com.mx\/index.php?rest_route=\/wp\/v2\/posts"}],"about":[{"href":"https:\/\/zonaroja.com.mx\/index.php?rest_route=\/wp\/v2\/types\/post"}],"author":[{"embeddable":true,"href":"https:\/\/zonaroja.com.mx\/index.php?rest_route=\/wp\/v2\/users\/2"}],"replies":[{"embeddable":true,"href":"https:\/\/zonaroja.com.mx\/index.php?rest_route=%2Fwp%2Fv2%2Fcomments&post=55893"}],"version-history":[{"count":1,"href":"https:\/\/zonaroja.com.mx\/index.php?rest_route=\/wp\/v2\/posts\/55893\/revisions"}],"predecessor-version":[{"id":55894,"href":"https:\/\/zonaroja.com.mx\/index.php?rest_route=\/wp\/v2\/posts\/55893\/revisions\/55894"}],"wp:featuredmedia":[{"embeddable":true,"href":"https:\/\/zonaroja.com.mx\/index.php?rest_route=\/wp\/v2\/media\/27911"}],"wp:attachment":[{"href":"https:\/\/zonaroja.com.mx\/index.php?rest_route=%2Fwp%2Fv2%2Fmedia&parent=55893"}],"wp:term":[{"taxonomy":"category","embeddable":true,"href":"https:\/\/zonaroja.com.mx\/index.php?rest_route=%2Fwp%2Fv2%2Fcategories&post=55893"},{"taxonomy":"post_tag","embeddable":true,"href":"https:\/\/zonaroja.com.mx\/index.php?rest_route=%2Fwp%2Fv2%2Ftags&post=55893"}],"curies":[{"name":"wp","href":"https:\/\/api.w.org\/{rel}","templated":true}]}}