{"id":55895,"date":"2023-05-31T21:55:17","date_gmt":"2023-06-01T02:55:17","guid":{"rendered":"http:\/\/www.zonaroja.com.mx\/?p=55895"},"modified":"2023-05-31T21:55:21","modified_gmt":"2023-06-01T02:55:21","slug":"detiene-fgr-a-presunto-autor-de-asesinato-de-migrantes-oaxaquenos-en-eu","status":"publish","type":"post","link":"https:\/\/zonaroja.com.mx\/?p=55895","title":{"rendered":"Detiene FGR a presunto autor de asesinato de migrantes oaxaque\u00f1os en EU"},"content":{"rendered":"\n<p>Redacci\u00f3n\/Zona Roja.<\/p>\n\n\n\n<p>Oaxaca de Ju\u00e1rez, Oax., a 31 de mayo de 2023.- La Fiscal\u00eda General de la Rep\u00fablica detuvo ayer a Jon\u00e1s D., alias \u201cEl Chivo\u201d, como presunto autor material e intelectual del asesinato de tres migrantes oaxaque\u00f1os en los Estados Unidos de Norteam\u00e9rica.<\/p>\n\n\n\n<p>De acuerdo con datos revelados por el activista Joaqu\u00edn Galv\u00e1n, este martes fue ejecutada la orden de aprehensi\u00f3n por el crimen de de Isauro, Abimael y Herminio, migrantes Ayuujk asesinados en Phoenix, Arizona, en febrero de 2022.&nbsp;<\/p>\n\n\n\n<p>Es la segunda ocasi\u00f3n en que es detenido, ahora tambi\u00e9n por portaci\u00f3n de armas de uso exclusivo del Ej\u00e9rcito, sin el permiso correspondiente.<\/p>\n\n\n\n<p>La orden de aprehensi\u00f3n federal ocurri\u00f3 ante las amenazas contra autoridades de San Pedro Quiatoni en Oaxaca, donde fue retenido el a\u00f1o pasado, y por una reciente balacera en la que se vio involucrado.&nbsp;<\/p>\n\n\n\n<p>El activista indic\u00f3 que, de acuerdo con la polic\u00eda de Arizona Jonas D. fue quien accion\u00f3 las armas contra los tres migrantes ind\u00edgenas, junto a uno de sus c\u00f3mplices que ya est\u00e1 detenido en Arizona.&nbsp;<\/p>\n\n\n\n<p>De la misma manera, pidi\u00f3 la ayuda del titular de la Secretar\u00eda de Relaciones Exteriores, Marcelo Ebrard, para que al detenido se le vincule de inmediato a proceso por el triple homicidio de los j\u00f3venes, que eran originarios de Santo Domingo Tepuxtepec Mixe.<\/p>\n","protected":false},"excerpt":{"rendered":"<p>Redacci\u00f3n\/Zona Roja. Oaxaca de Ju\u00e1rez, Oax., a 31 de mayo de 2023.- La Fiscal\u00eda General&hellip;<\/p>\n","protected":false},"author":2,"featured_media":38315,"comment_status":"closed","ping_status":"open","sticky":false,"template":"","format":"standard","meta":{"_lmt_disableupdate":"","_lmt_disable":"","_jetpack_memberships_contains_paid_content":false,"footnotes":""},"categories":[109,47],"tags":[3049],"class_list":["post-55895","post","type-post","status-publish","format-standard","has-post-thumbnail","hentry","category-minuto-a-minuto","category-zona-gris","tag-santo-domingo-tepuxtepec"],"jetpack_featured_media_url":"https:\/\/zonaroja.com.mx\/wp-content\/uploads\/2022\/03\/Oaxaquenos-mixes-asesinados-Phoenix.jpeg","jetpack_sharing_enabled":true,"_links":{"self":[{"href":"https:\/\/zonaroja.com.mx\/index.php?rest_route=\/wp\/v2\/posts\/55895","targetHints":{"allow":["GET"]}}],"collection":[{"href":"https:\/\/zonaroja.com.mx\/index.php?rest_route=\/wp\/v2\/posts"}],"about":[{"href":"https:\/\/zonaroja.com.mx\/index.php?rest_route=\/wp\/v2\/types\/post"}],"author":[{"embeddable":true,"href":"https:\/\/zonaroja.com.mx\/index.php?rest_route=\/wp\/v2\/users\/2"}],"replies":[{"embeddable":true,"href":"https:\/\/zonaroja.com.mx\/index.php?rest_route=%2Fwp%2Fv2%2Fcomments&post=55895"}],"version-history":[{"count":1,"href":"https:\/\/zonaroja.com.mx\/index.php?rest_route=\/wp\/v2\/posts\/55895\/revisions"}],"predecessor-version":[{"id":55896,"href":"https:\/\/zonaroja.com.mx\/index.php?rest_route=\/wp\/v2\/posts\/55895\/revisions\/55896"}],"wp:featuredmedia":[{"embeddable":true,"href":"https:\/\/zonaroja.com.mx\/index.php?rest_route=\/wp\/v2\/media\/38315"}],"wp:attachment":[{"href":"https:\/\/zonaroja.com.mx\/index.php?rest_route=%2Fwp%2Fv2%2Fmedia&parent=55895"}],"wp:term":[{"taxonomy":"category","embeddable":true,"href":"https:\/\/zonaroja.com.mx\/index.php?rest_route=%2Fwp%2Fv2%2Fcategories&post=55895"},{"taxonomy":"post_tag","embeddable":true,"href":"https:\/\/zonaroja.com.mx\/index.php?rest_route=%2Fwp%2Fv2%2Ftags&post=55895"}],"curies":[{"name":"wp","href":"https:\/\/api.w.org\/{rel}","templated":true}]}}