{"id":55900,"date":"2023-05-31T22:52:36","date_gmt":"2023-06-01T03:52:36","guid":{"rendered":"http:\/\/www.zonaroja.com.mx\/?p=55900"},"modified":"2023-05-31T22:52:39","modified_gmt":"2023-06-01T03:52:39","slug":"segundo-ejecutado-del-dia-en-juchitan-oaxaca","status":"publish","type":"post","link":"https:\/\/zonaroja.com.mx\/?p=55900","title":{"rendered":"Segundo ejecutado del d\u00eda en Juchit\u00e1n, Oaxaca"},"content":{"rendered":"\n<p>Redacci\u00f3n\/Zona Roja.<\/p>\n\n\n\n<p>Oaxaca de Ju\u00e1rez, Oax., a 31 de mayo de 2023.- Una segunda persona fue ejecutada a balazos este mi\u00e9rcoles en Juchit\u00e1n de Zaragoza, mientras autoridades del gobierno de Oaxaca daban una conferencia de prensa en materia de seguridad.<\/p>\n\n\n\n<p>El crimen de esta tarde ocurri\u00f3 en un rancho denominado \u201cLa Viuda Antonia\u201d, ubicado en la agencia de La Ventosa, donde ultimaron de varios impactos de arma de fuego a Luis Salom\u00f3n H. P., de aproximadamente 34 a\u00f1os de edad.<\/p>\n\n\n\n<p>En el sitio fue localizada una camioneta marca Toyota, color negra, con placas de circulaci\u00f3n TMM-2700 del Estado de Oaxaca; adem\u00e1s, al menos cinco casquillos percutidos de arma de grueso calibre,<\/p>\n\n\n\n<p>Como se inform\u00f3, la madrugada de este mi\u00e9rcoles fue ejecutado un taxista del sitio \u201cSan Vicente\u201d, en la carretera Juchit\u00e1n-Uni\u00f3n Hidalgo.<\/p>\n\n\n\n<p>La v\u00edctima fue identificada de manera preliminar como Juan Carlos C. L., quien conduc\u00eda una unidad de motor con n\u00famero econ\u00f3mico 02-106.<\/p>\n\n\n\n<p>La Vicefiscal\u00eda Regional del Istmo inici\u00f3 con las indagatorias correspondientes de ambos casos.<\/p>\n","protected":false},"excerpt":{"rendered":"<p>Redacci\u00f3n\/Zona Roja. Oaxaca de Ju\u00e1rez, Oax., a 31 de mayo de 2023.- Una segunda persona&hellip;<\/p>\n","protected":false},"author":2,"featured_media":55901,"comment_status":"closed","ping_status":"open","sticky":false,"template":"","format":"standard","meta":{"_lmt_disableupdate":"","_lmt_disable":"","_jetpack_memberships_contains_paid_content":false,"footnotes":""},"categories":[109,51],"tags":[123],"class_list":["post-55900","post","type-post","status-publish","format-standard","has-post-thumbnail","hentry","category-minuto-a-minuto","category-zona-roja","tag-juchitan-de-zaragoza"],"jetpack_featured_media_url":"https:\/\/zonaroja.com.mx\/wp-content\/uploads\/2023\/05\/Ejecutado-La-Ventosa-Juchitan.jpeg","jetpack_sharing_enabled":true,"_links":{"self":[{"href":"https:\/\/zonaroja.com.mx\/index.php?rest_route=\/wp\/v2\/posts\/55900","targetHints":{"allow":["GET"]}}],"collection":[{"href":"https:\/\/zonaroja.com.mx\/index.php?rest_route=\/wp\/v2\/posts"}],"about":[{"href":"https:\/\/zonaroja.com.mx\/index.php?rest_route=\/wp\/v2\/types\/post"}],"author":[{"embeddable":true,"href":"https:\/\/zonaroja.com.mx\/index.php?rest_route=\/wp\/v2\/users\/2"}],"replies":[{"embeddable":true,"href":"https:\/\/zonaroja.com.mx\/index.php?rest_route=%2Fwp%2Fv2%2Fcomments&post=55900"}],"version-history":[{"count":1,"href":"https:\/\/zonaroja.com.mx\/index.php?rest_route=\/wp\/v2\/posts\/55900\/revisions"}],"predecessor-version":[{"id":55902,"href":"https:\/\/zonaroja.com.mx\/index.php?rest_route=\/wp\/v2\/posts\/55900\/revisions\/55902"}],"wp:featuredmedia":[{"embeddable":true,"href":"https:\/\/zonaroja.com.mx\/index.php?rest_route=\/wp\/v2\/media\/55901"}],"wp:attachment":[{"href":"https:\/\/zonaroja.com.mx\/index.php?rest_route=%2Fwp%2Fv2%2Fmedia&parent=55900"}],"wp:term":[{"taxonomy":"category","embeddable":true,"href":"https:\/\/zonaroja.com.mx\/index.php?rest_route=%2Fwp%2Fv2%2Fcategories&post=55900"},{"taxonomy":"post_tag","embeddable":true,"href":"https:\/\/zonaroja.com.mx\/index.php?rest_route=%2Fwp%2Fv2%2Ftags&post=55900"}],"curies":[{"name":"wp","href":"https:\/\/api.w.org\/{rel}","templated":true}]}}