{"id":55903,"date":"2023-06-01T11:30:00","date_gmt":"2023-06-01T16:30:00","guid":{"rendered":"http:\/\/www.zonaroja.com.mx\/?p=55903"},"modified":"2023-06-01T08:13:29","modified_gmt":"2023-06-01T13:13:29","slug":"denuncian-que-martinez-neri-ignora-peticiones-escritas-de-sociedad-civil","status":"publish","type":"post","link":"https:\/\/zonaroja.com.mx\/?p=55903","title":{"rendered":"Denuncian que Mart\u00ednez Neri ignora peticiones escritas de sociedad civil"},"content":{"rendered":"\n<p>Yuridiana Sosa\/Zona Roja.<\/p>\n\n\n\n<p>Oaxaca de Ju\u00e1rez, Oax., a 1 de junio de 2023. El Comit\u00e9 de la Defensa de los Derechos Colectivos Ciudadanos Oaxaque\u00f1os denunci\u00f3 que el presidente municipal de Oaxaca de Ju\u00e1rez, Francisco Mart\u00ednez Neri, ha ignorado los resultados de la consulta ciudadana en la que los capitalinos exigen a la autoridad un alto a la invasi\u00f3n de espacios p\u00fablicos y la creaci\u00f3n de la unidad de participaci\u00f3n ciudadana de combate a la corrupci\u00f3n municipal.<\/p>\n\n\n\n<p>El representante del Comit\u00e9, Armando Figueroa Colmenares, se\u00f1al\u00f3 que ante la omisi\u00f3n del edil recurrir\u00e1n a otras estancias, como tribunales federales para que se haga valer dicha consulta que se realiz\u00f3 desde febrero de 2022.<\/p>\n\n\n\n<p>En septiembre pasado este Comit\u00e9 por la Defensa de los Derechos Colectivos Ciudadanos Oaxaque\u00f1os entreg\u00f3 al ayuntamiento las evidencias y documentos que respaldan m\u00e1s de cinco mil firmas recabadas en la consulta p\u00fablica ciudadana para exigir la creaci\u00f3n de la Unidad de Participaci\u00f3n Ciudadana de Prevenci\u00f3n y Combate a la Corrupci\u00f3n Municipal.<\/p>\n\n\n\n<p>Dicha cantidad de firmas, foliadas, representan m\u00e1s del 95&nbsp;por&nbsp;ciento sobre el porcentaje m\u00ednimo que establece el reglamento de la consulta popular, lo cual da validez para ser atendida como una solicitud colectiva ciudadana.<\/p>\n\n\n\n<p>Figueroa Colmenares se\u00f1al\u00f3 que es urgente la creaci\u00f3n de esa unidad porque la ciudadan\u00eda desconoce a d\u00f3nde se destina el dinero p\u00fablico, pues las condiciones de la ciudad indican que no existen inversiones p\u00fablicas.<\/p>\n\n\n\n<p>En la consulta, se pregunt\u00f3 si el encuestado era habitantes de Oaxaca de Ju\u00e1rez, as\u00ed como \u00bfEst\u00e1s de acuerdo en que el traspaso, la venta o renta de la v\u00eda p\u00fablica o espacios p\u00fablicos sean tipificados como delito&nbsp;por&nbsp;el C\u00f3digo Penal para el Estado de Oaxaca?, la cual obtuvo el cinco mil 55 respuesta a favor, lo cual represent\u00f3 el 93 por ciento de los encuestados.<\/p>\n\n\n\n<p>&nbsp;Y \u00bfEst\u00e1s de acuerdo que se cree la unidad de participaci\u00f3n ciudadana de combate a la corrupci\u00f3n municipal?, con cinco mil 164 contestaciones s\u00ed, correspondiente al 95.6 por ciento de los encuestados.&nbsp;<\/p>\n\n\n\n<figure class=\"wp-block-embed is-type-rich is-provider-twitter wp-block-embed-twitter\"><div class=\"wp-block-embed__wrapper\">\n<div class=\"twitter-tweet\"><blockquote class=\"twitter-tweet\" data-lang=\"es\"><p lang=\"es\" dir=\"ltr\">Edil <a href=\"https:\/\/twitter.com\/FMartinezNeri?ref_src=twsrc%5Etfw\">@FMartinezNeri<\/a> no hace caso a demandas ciudadanas. <br>Escuche al representante del Comit\u00e9 por la Defensa de los Derechos Colectivos Ciudadanos Oaxaque\u00f1os, que denuncia que no hace caso la autoridad a una petici\u00f3n: <a href=\"https:\/\/t.co\/3RSwfvCaCX\">pic.twitter.com\/3RSwfvCaCX<\/a><\/p>&mdash; Zona Roja Oaxaca (@ZonaRoja_Oaxaca) <a href=\"https:\/\/twitter.com\/ZonaRoja_Oaxaca\/status\/1664027303813480448?ref_src=twsrc%5Etfw\">31 de mayo de 2023<\/a><\/blockquote><\/div>\n<\/div><\/figure>\n","protected":false},"excerpt":{"rendered":"<p>Yuridiana Sosa\/Zona Roja. Oaxaca de Ju\u00e1rez, Oax., a 1 de junio de 2023. El Comit\u00e9&hellip;<\/p>\n","protected":false},"author":2,"featured_media":55907,"comment_status":"closed","ping_status":"open","sticky":false,"template":"","format":"standard","meta":{"_lmt_disableupdate":"","_lmt_disable":"","_jetpack_memberships_contains_paid_content":false,"footnotes":""},"categories":[109,47],"tags":[148],"class_list":["post-55903","post","type-post","status-publish","format-standard","has-post-thumbnail","hentry","category-minuto-a-minuto","category-zona-gris","tag-oaxaca-de-juarez"],"jetpack_featured_media_url":"https:\/\/zonaroja.com.mx\/wp-content\/uploads\/2023\/05\/Armando-Figueroa-Colmenares-consulta-ciudadana.jpg","jetpack_sharing_enabled":true,"_links":{"self":[{"href":"https:\/\/zonaroja.com.mx\/index.php?rest_route=\/wp\/v2\/posts\/55903","targetHints":{"allow":["GET"]}}],"collection":[{"href":"https:\/\/zonaroja.com.mx\/index.php?rest_route=\/wp\/v2\/posts"}],"about":[{"href":"https:\/\/zonaroja.com.mx\/index.php?rest_route=\/wp\/v2\/types\/post"}],"author":[{"embeddable":true,"href":"https:\/\/zonaroja.com.mx\/index.php?rest_route=\/wp\/v2\/users\/2"}],"replies":[{"embeddable":true,"href":"https:\/\/zonaroja.com.mx\/index.php?rest_route=%2Fwp%2Fv2%2Fcomments&post=55903"}],"version-history":[{"count":2,"href":"https:\/\/zonaroja.com.mx\/index.php?rest_route=\/wp\/v2\/posts\/55903\/revisions"}],"predecessor-version":[{"id":55911,"href":"https:\/\/zonaroja.com.mx\/index.php?rest_route=\/wp\/v2\/posts\/55903\/revisions\/55911"}],"wp:featuredmedia":[{"embeddable":true,"href":"https:\/\/zonaroja.com.mx\/index.php?rest_route=\/wp\/v2\/media\/55907"}],"wp:attachment":[{"href":"https:\/\/zonaroja.com.mx\/index.php?rest_route=%2Fwp%2Fv2%2Fmedia&parent=55903"}],"wp:term":[{"taxonomy":"category","embeddable":true,"href":"https:\/\/zonaroja.com.mx\/index.php?rest_route=%2Fwp%2Fv2%2Fcategories&post=55903"},{"taxonomy":"post_tag","embeddable":true,"href":"https:\/\/zonaroja.com.mx\/index.php?rest_route=%2Fwp%2Fv2%2Ftags&post=55903"}],"curies":[{"name":"wp","href":"https:\/\/api.w.org\/{rel}","templated":true}]}}