{"id":55909,"date":"2023-05-31T23:19:29","date_gmt":"2023-06-01T04:19:29","guid":{"rendered":"http:\/\/www.zonaroja.com.mx\/?p=55909"},"modified":"2023-05-31T23:19:31","modified_gmt":"2023-06-01T04:19:31","slug":"tercer-ejecutado-del-dia-ahora-en-huajuapan-se-trata-del-segundo-taxista","status":"publish","type":"post","link":"https:\/\/zonaroja.com.mx\/?p=55909","title":{"rendered":"Tercer ejecutado del d\u00eda, ahora en Huajuapan; se trata del segundo taxista"},"content":{"rendered":"\n<p>Redacci\u00f3n\/Zona Roja.<\/p>\n\n\n\n<p>Oaxaca de Ju\u00e1rez, Oax., a 31 de mayo de 2023.- Una tercera persona fue asesinada a balazos este mi\u00e9rcoles, ahora en Huajuapan de Le\u00f3n, municipio de la regi\u00f3n Mixteca de Oaxaca.<\/p>\n\n\n\n<p>Se trata del segundo taxista ultimado pero \u00e9ste es dirigente del Frente Nacional Ind\u00edgena y Campesino (FNIC-CTC), identificado como Mario A. C. R.<\/p>\n\n\n\n<p>Fue ultimado por sujetos desconocidos cuando se encontraba en su unidad de motor, en el exterior del centro comercial Bodega Aurrer\u00e1, en la avenida 2 de Abril, colonia La Merced.<\/p>\n\n\n\n<p>Hasta el momento no hay reportes de personas detenidas por parte de las autoridades policiacas y la Vicefiscal\u00eda Regional de la Mixteca inici\u00f3 con las indagatorias correspondientes.<\/p>\n\n\n\n<p>Como se inform\u00f3 previamente, en Juchit\u00e1n de Zaragoza fueron ejecutados este d\u00eda dos individuos, uno de ellos un taxista, en la carretera a Uni\u00f3n Hidalgo, y otra persona en un rancho, camino a la agencia La Ventosa.<\/p>\n","protected":false},"excerpt":{"rendered":"<p>Redacci\u00f3n\/Zona Roja. Oaxaca de Ju\u00e1rez, Oax., a 31 de mayo de 2023.- Una tercera persona&hellip;<\/p>\n","protected":false},"author":2,"featured_media":55906,"comment_status":"closed","ping_status":"open","sticky":false,"template":"","format":"standard","meta":{"_lmt_disableupdate":"","_lmt_disable":"","_jetpack_memberships_contains_paid_content":false,"footnotes":""},"categories":[109,51],"tags":[594],"class_list":["post-55909","post","type-post","status-publish","format-standard","has-post-thumbnail","hentry","category-minuto-a-minuto","category-zona-roja","tag-huajuapan-de-leon"],"jetpack_featured_media_url":"https:\/\/zonaroja.com.mx\/wp-content\/uploads\/2023\/05\/Taxista-asesinado-en-Huajuapan.jpg","jetpack_sharing_enabled":true,"_links":{"self":[{"href":"https:\/\/zonaroja.com.mx\/index.php?rest_route=\/wp\/v2\/posts\/55909","targetHints":{"allow":["GET"]}}],"collection":[{"href":"https:\/\/zonaroja.com.mx\/index.php?rest_route=\/wp\/v2\/posts"}],"about":[{"href":"https:\/\/zonaroja.com.mx\/index.php?rest_route=\/wp\/v2\/types\/post"}],"author":[{"embeddable":true,"href":"https:\/\/zonaroja.com.mx\/index.php?rest_route=\/wp\/v2\/users\/2"}],"replies":[{"embeddable":true,"href":"https:\/\/zonaroja.com.mx\/index.php?rest_route=%2Fwp%2Fv2%2Fcomments&post=55909"}],"version-history":[{"count":1,"href":"https:\/\/zonaroja.com.mx\/index.php?rest_route=\/wp\/v2\/posts\/55909\/revisions"}],"predecessor-version":[{"id":55910,"href":"https:\/\/zonaroja.com.mx\/index.php?rest_route=\/wp\/v2\/posts\/55909\/revisions\/55910"}],"wp:featuredmedia":[{"embeddable":true,"href":"https:\/\/zonaroja.com.mx\/index.php?rest_route=\/wp\/v2\/media\/55906"}],"wp:attachment":[{"href":"https:\/\/zonaroja.com.mx\/index.php?rest_route=%2Fwp%2Fv2%2Fmedia&parent=55909"}],"wp:term":[{"taxonomy":"category","embeddable":true,"href":"https:\/\/zonaroja.com.mx\/index.php?rest_route=%2Fwp%2Fv2%2Fcategories&post=55909"},{"taxonomy":"post_tag","embeddable":true,"href":"https:\/\/zonaroja.com.mx\/index.php?rest_route=%2Fwp%2Fv2%2Ftags&post=55909"}],"curies":[{"name":"wp","href":"https:\/\/api.w.org\/{rel}","templated":true}]}}