{"id":5591,"date":"2019-11-09T19:51:42","date_gmt":"2019-11-10T01:51:42","guid":{"rendered":"http:\/\/www.zonaroja.com.mx\/?p=5591"},"modified":"2019-11-09T19:53:42","modified_gmt":"2019-11-10T01:53:42","slug":"morena-favorece-a-implicados-en-la-estafa-maestra-acusan","status":"publish","type":"post","link":"https:\/\/zonaroja.com.mx\/?p=5591","title":{"rendered":"Morena favorece a implicados en la \u201cestafa maestra\u201d, acusan"},"content":{"rendered":"\n<p>Redacci\u00f3n\/Zona\nRoja Cdmx.<\/p>\n\n\n\n<p>Ciudad\nde M\u00e9xico, 9 de noviembre de 2019.- Cuatro diputadas de Morena beneficiaron a\nla Universidad Aut\u00f3noma del Estado de Hidalgo (UAEH), involucrada en la \u201cestafa\nmaestra\u201d, dio a conocer hoy el diario \u201cEl Heraldo de M\u00e9xico\u201d. <\/p>\n\n\n\n<p>Esto,\ngracias a los cambios que impulsaron y votaron a favor en la Ley de Instituciones\nde Cr\u00e9dito, lo que evit\u00f3 que las cuentas congeladas de esa casa de estudios\nfueran sujetas a extinci\u00f3n de dominio por parte de la Unidad de Inteligencia\nFinanciera (UIF), indic\u00f3.<\/p>\n\n\n\n<p>La\ndiputada morenista Lidia Garc\u00eda, ligada a la universidad, fue quien promovi\u00f3\nuna reforma para quitar a la UIF la facultad de solicitar la extinci\u00f3n de\ndominio en cuentas bloqueadas.<\/p>\n\n\n\n<p>Adem\u00e1s\nde Lidia Garc\u00eda, en este grupo ligado a la UAEH, est\u00e1n Mar\u00eda Isabel Alfaro,\nquien ha sido docente de la misma instituci\u00f3n; Mar\u00eda Marivel Sol\u00eds Barrera,\nquien ha ocupado diversos cargos en la universidad, y Jannet T\u00e9llez Infante.<\/p>\n\n\n\n<p>El\ndiario nacional detall\u00f3 que Gerardo Sosa Castel\u00e1n, presidente del Patronato de\nla universidad, es accionista de cuatro empresas y una asociaci\u00f3n civil, cuyos\nrecursos, al igual que los del patronato, han sido depositados en cuentas en el\nextranjero para luego regresarlos a las arcas del patronato.<\/p>\n\n\n\n<p>Se\ntrata de Uni Comercializadora, Grupo Inmobiliario Quinto; Grupo Inmobiliario\nBujarin; Soluciones Integrales Frutis y Fundaci\u00f3n Hidalguense.<\/p>\n\n\n\n<p>Los\nmovimientos de recursos incluyen triangulaciones de pa\u00edses como Venezuela,\nTurqu\u00eda y Azerbaiy\u00e1n, seg\u00fan fuentes del Poder Judicial.<\/p>\n\n\n\n<p>Justo\npor el flujo inusual de recursos, cuentas de la Universidad Aut\u00f3noma del Estado\nde Hidalgo \u2013de la que Sosa fue rector\u2014 fueron congelados por la Unidad, en\nfebrero pasado.<\/p>\n\n\n\n<p>Hasta\nahora, la instituci\u00f3n no ha podido acreditar el origen l\u00edcito de 151 millones\nde d\u00f3lares depositados en dichas cuentas y algunas de \u00e9sas permanecen\ncongeladas.<\/p>\n\n\n\n<p>Lidia\nGarc\u00eda ha dicho que los recursos correspond\u00edan a dinero del personal de la\nuniversidad que fueron colocados en fondos de inversi\u00f3n, primero en el Credit\nSuisse (banco suizo) y luego en el banco HSBC.<\/p>\n\n\n\n<p>Su\nficha curricular disponible en el Sistema de Informaci\u00f3n Legislativa da cuenta de\nque ha desempe\u00f1ado diversas funciones en el Sindicato de Personal Acad\u00e9mico de\nla Universidad Aut\u00f3noma del Estado de Hidalgo: secretaria de Asuntos Jur\u00eddico;\nsecretaria del Interior y secretaria general, hasta 2018, cuando se convirti\u00f3\nen diputada por Morena.<\/p>\n\n\n\n<p>\u201cYo\nno lo considero as\u00ed, mi gesti\u00f3n como secretaria general del sindicato concluy\u00f3\nen octubre de 2018, ahora tengo una licencia sin goce de sueldo. El inter\u00e9s que\nme mueve es la defensa de las universidades p\u00fablicas\u201d, explic\u00f3.<\/p>\n\n\n\n<p>Reconoci\u00f3\nque hubo una triangulaci\u00f3n de recursos, pero que \u00e9sta fue una t\u00e1ctica para\nlograr mejores rendimientos financieros y contar con mayor capital para la\njubilaci\u00f3n de personal de la universidad.<\/p>\n\n\n\n<p>\u201cFue\nuna triangulaci\u00f3n. De Banamex se deposit\u00f3 en el Credit Suisse, despu\u00e9s, el\nbanco HSBC le ofrece mejores rendimientos a la instituci\u00f3n, y es cuando el\ndinero regresa y se da la alerta de la UIF\u201d, puntualiz\u00f3 la diputada.<\/p>\n","protected":false},"excerpt":{"rendered":"<p>Redacci\u00f3n\/Zona Roja Cdmx. Ciudad de M\u00e9xico, 9 de noviembre de 2019.- Cuatro diputadas de Morena&hellip;<\/p>\n","protected":false},"author":2,"featured_media":5592,"comment_status":"closed","ping_status":"open","sticky":false,"template":"","format":"standard","meta":{"_lmt_disableupdate":"","_lmt_disable":"","_jetpack_memberships_contains_paid_content":false,"footnotes":""},"categories":[109,47],"tags":[985],"class_list":["post-5591","post","type-post","status-publish","format-standard","has-post-thumbnail","hentry","category-minuto-a-minuto","category-zona-gris","tag-universidad-autonoma-del-estado-de-hidalgo"],"jetpack_featured_media_url":"https:\/\/zonaroja.com.mx\/wp-content\/uploads\/2019\/11\/uni-hidalgo.png","jetpack_sharing_enabled":true,"_links":{"self":[{"href":"https:\/\/zonaroja.com.mx\/index.php?rest_route=\/wp\/v2\/posts\/5591","targetHints":{"allow":["GET"]}}],"collection":[{"href":"https:\/\/zonaroja.com.mx\/index.php?rest_route=\/wp\/v2\/posts"}],"about":[{"href":"https:\/\/zonaroja.com.mx\/index.php?rest_route=\/wp\/v2\/types\/post"}],"author":[{"embeddable":true,"href":"https:\/\/zonaroja.com.mx\/index.php?rest_route=\/wp\/v2\/users\/2"}],"replies":[{"embeddable":true,"href":"https:\/\/zonaroja.com.mx\/index.php?rest_route=%2Fwp%2Fv2%2Fcomments&post=5591"}],"version-history":[{"count":1,"href":"https:\/\/zonaroja.com.mx\/index.php?rest_route=\/wp\/v2\/posts\/5591\/revisions"}],"predecessor-version":[{"id":5593,"href":"https:\/\/zonaroja.com.mx\/index.php?rest_route=\/wp\/v2\/posts\/5591\/revisions\/5593"}],"wp:featuredmedia":[{"embeddable":true,"href":"https:\/\/zonaroja.com.mx\/index.php?rest_route=\/wp\/v2\/media\/5592"}],"wp:attachment":[{"href":"https:\/\/zonaroja.com.mx\/index.php?rest_route=%2Fwp%2Fv2%2Fmedia&parent=5591"}],"wp:term":[{"taxonomy":"category","embeddable":true,"href":"https:\/\/zonaroja.com.mx\/index.php?rest_route=%2Fwp%2Fv2%2Fcategories&post=5591"},{"taxonomy":"post_tag","embeddable":true,"href":"https:\/\/zonaroja.com.mx\/index.php?rest_route=%2Fwp%2Fv2%2Ftags&post=5591"}],"curies":[{"name":"wp","href":"https:\/\/api.w.org\/{rel}","templated":true}]}}