{"id":55912,"date":"2023-06-01T09:31:00","date_gmt":"2023-06-01T14:31:00","guid":{"rendered":"http:\/\/www.zonaroja.com.mx\/?p=55912"},"modified":"2023-06-01T08:12:39","modified_gmt":"2023-06-01T13:12:39","slug":"hallan-cadaveres-en-barranco-de-jalisco-podrian-ser-de-jovenes-desaparecidos","status":"publish","type":"post","link":"https:\/\/zonaroja.com.mx\/?p=55912","title":{"rendered":"Hallan cad\u00e1veres en barranco de Jalisco; podr\u00edan ser de j\u00f3venes desaparecidos"},"content":{"rendered":"\n<p>Redacci\u00f3n\/Zona Roja Cdmx.<\/p>\n\n\n\n<p>Ciudad de M\u00e9xico, a 1 de junio de 2023.- Durante un operativo en Zapopan, Jalisco, autoridades encontraron bolsas con restos humanos&nbsp;en la barranca \u201cMirador del Bosque\u201d.<\/p>\n\n\n\n<p>Por medio de un comunicado, la Fiscal\u00eda del Estado inform\u00f3 que el hallazgo se hizo en el marco de acciones para localizar a siete j\u00f3venes trabajadores de un \u201ccall center\u201d desaparecidos en d\u00edas recientes.<\/p>\n\n\n\n<p>Durante las labores de localizaci\u00f3n y b\u00fasqueda, se obtuvo informaci\u00f3n sobre la posible localizaci\u00f3n de indicios en una zona de dif\u00edcil acceso, en una especie de barranc\u00f3n.<\/p>\n\n\n\n<p>En dicho sitio fueron localizadas varias bolsas con restos humanos. Los trabajos para recuperar los cad\u00e1veres iniciaron desde el martes.<\/p>\n\n\n\n<p>Peritos forenses coadyuvan en el procesamiento de la escena, mientras que el Servicio M\u00e9dico Forense realiza el traslado de los cuerpos hasta sus instalaciones para determinar el n\u00famero de v\u00edctimas y causas de muerte, adem\u00e1s de su identificaci\u00f3n.<\/p>\n\n\n\n<p>En su \u00faltimo reporte, la Fiscal\u00eda inform\u00f3 que se han extra\u00eddo 45 bolsas con restos humanos que pertenecen tanto a personas del sexo masculino y femenino.<\/p>\n\n\n\n<p>Las autoridades aseguraron que redoblar\u00e1n esfuerzos para confirmar la identidad de las v\u00edctimas.<\/p>\n\n\n\n<p>Hace una semana, comenz\u00f3 a reportarse la desaparici\u00f3n de varios j\u00f3venes que trabajaban en un \u201ccall center\u201d de la colonia Jardines de Vallarta.<\/p>\n\n\n\n<p>Las v\u00edctimas fueron identificadas como Itzel Abigail Valladolid Hern\u00e1ndez, Carlos David Valladolid Hern\u00e1ndez, Carlos Benjam\u00edn Garc\u00eda Cuevas, Jes\u00fas Alfredo Salazar Ventura, Arturo \u2018N\u2019, Mayra \u2018N\u2019 y Jorge \u2018N\u2019.<\/p>\n\n\n\n<p>Tras la desaparici\u00f3n, personal de la Fiscal\u00eda del Estado de Jalisco llev\u00f3 a cabo un cateo en el \u201ccall center\u201d en donde se asegur\u00f3 un veh\u00edculo que pertenec\u00eda a uno de los desaparecidos.<\/p>\n\n\n\n<p>(Con informaci\u00f3n de L\u00f3pez-D\u00f3riga Digital y NM\u00e1s Jalisco)<\/p>\n\n\n\n<figure class=\"wp-block-embed is-type-rich is-provider-twitter wp-block-embed-twitter\"><div class=\"wp-block-embed__wrapper\">\n<div class=\"twitter-tweet\"><blockquote class=\"twitter-tweet\" data-lang=\"es\"><p lang=\"es\" dir=\"ltr\">Personal del @forencesjalisco coadyuvan en el procesamiento de la escena, en tanto que el Servicio M\u00e9dico Forense realiza el traslado de los cuerpos hasta sus instalaciones para determinar el n\u00famero de personas sin vida y causas de muerte, adem\u00e1s de su identificaci\u00f3n oficial. <a href=\"https:\/\/t.co\/dgI8CpsBEJ\">pic.twitter.com\/dgI8CpsBEJ<\/a><\/p>&mdash; Fiscal\u00eda del Estado de Jalisco (@FiscaliaJal) <a href=\"https:\/\/twitter.com\/FiscaliaJal\/status\/1664104422685700097?ref_src=twsrc%5Etfw\">1 de junio de 2023<\/a><\/blockquote><\/div>\n<\/div><\/figure>\n","protected":false},"excerpt":{"rendered":"<p>Redacci\u00f3n\/Zona Roja Cdmx. Ciudad de M\u00e9xico, a 1 de junio de 2023.- Durante un operativo&hellip;<\/p>\n","protected":false},"author":2,"featured_media":55913,"comment_status":"closed","ping_status":"open","sticky":false,"template":"","format":"standard","meta":{"_lmt_disableupdate":"","_lmt_disable":"","_jetpack_memberships_contains_paid_content":false,"footnotes":""},"categories":[109,47],"tags":[3564],"class_list":["post-55912","post","type-post","status-publish","format-standard","has-post-thumbnail","hentry","category-minuto-a-minuto","category-zona-gris","tag-jalisco"],"jetpack_featured_media_url":"https:\/\/zonaroja.com.mx\/wp-content\/uploads\/2023\/06\/Hallan-bolsas-restos-humanos-Jalisco.webp","jetpack_sharing_enabled":true,"_links":{"self":[{"href":"https:\/\/zonaroja.com.mx\/index.php?rest_route=\/wp\/v2\/posts\/55912","targetHints":{"allow":["GET"]}}],"collection":[{"href":"https:\/\/zonaroja.com.mx\/index.php?rest_route=\/wp\/v2\/posts"}],"about":[{"href":"https:\/\/zonaroja.com.mx\/index.php?rest_route=\/wp\/v2\/types\/post"}],"author":[{"embeddable":true,"href":"https:\/\/zonaroja.com.mx\/index.php?rest_route=\/wp\/v2\/users\/2"}],"replies":[{"embeddable":true,"href":"https:\/\/zonaroja.com.mx\/index.php?rest_route=%2Fwp%2Fv2%2Fcomments&post=55912"}],"version-history":[{"count":1,"href":"https:\/\/zonaroja.com.mx\/index.php?rest_route=\/wp\/v2\/posts\/55912\/revisions"}],"predecessor-version":[{"id":55914,"href":"https:\/\/zonaroja.com.mx\/index.php?rest_route=\/wp\/v2\/posts\/55912\/revisions\/55914"}],"wp:featuredmedia":[{"embeddable":true,"href":"https:\/\/zonaroja.com.mx\/index.php?rest_route=\/wp\/v2\/media\/55913"}],"wp:attachment":[{"href":"https:\/\/zonaroja.com.mx\/index.php?rest_route=%2Fwp%2Fv2%2Fmedia&parent=55912"}],"wp:term":[{"taxonomy":"category","embeddable":true,"href":"https:\/\/zonaroja.com.mx\/index.php?rest_route=%2Fwp%2Fv2%2Fcategories&post=55912"},{"taxonomy":"post_tag","embeddable":true,"href":"https:\/\/zonaroja.com.mx\/index.php?rest_route=%2Fwp%2Fv2%2Ftags&post=55912"}],"curies":[{"name":"wp","href":"https:\/\/api.w.org\/{rel}","templated":true}]}}