{"id":55915,"date":"2023-06-01T11:31:00","date_gmt":"2023-06-01T16:31:00","guid":{"rendered":"http:\/\/www.zonaroja.com.mx\/?p=55915"},"modified":"2023-06-01T07:55:05","modified_gmt":"2023-06-01T12:55:05","slug":"menor-intento-matar-a-su-maestro-lo-detienen-pero-quedara-libre","status":"publish","type":"post","link":"https:\/\/zonaroja.com.mx\/?p=55915","title":{"rendered":"Menor intent\u00f3 matar a su maestro; lo detienen pero quedar\u00e1 libre"},"content":{"rendered":"\n<p>Redacci\u00f3n\/Zona Roja Cdmx.<\/p>\n\n\n\n<p>Ciudad de M\u00e9xico, a 1 de junio de 2023.- Tras los hechos ocurridos en la Secundaria 80 \u00abCuauht\u00e9moc\u00bb, ubicada en La Paz, la autoridad educativa del Estado de M\u00e9xico (Edomex) revel\u00f3 que el alumno que dispar\u00f3 al interior del plantel ten\u00eda la intenci\u00f3n de balear a un maestro&nbsp;pero fue detenido por el conserje, quien result\u00f3 herido por un disparo.<\/p>\n\n\n\n<p>Mediante un comunicado, Servicios Educativos Integrados al Estado de M\u00e9xico (SEIEM) confirm\u00f3 que el menor es un estudiante de primer grado.<\/p>\n\n\n\n<p>De acuerdo con la informaci\u00f3n oficial, cuando el alumno se dirig\u00eda a balear a su maestro fue descubierto con el arma de fuego por el conserje de la escuela, quien intent\u00f3 detenerlo.<\/p>\n\n\n\n<p>Durante el forcejeo el trabajador result\u00f3 herido por una bala, por lo que fue trasladado a un hospital donde su estado se reporta como estable.<\/p>\n\n\n\n<p>Al percatarse de la situaci\u00f3n, autoridades educativas del plantel solicitaron apoyo a polic\u00edas municipales; para levantar el acta de hechos correspondiente acudieron el Supervisor Escolar y el Jefe de Sector de SEIEM.<\/p>\n\n\n\n<p>Debido a lo ocurrido, las y los estudiantes as\u00ed como el personal de la Secundaria 80 \u00abCuauht\u00e9moc\u00bb fueron desalojados, mientras que la escuela permanecer\u00e1 cerrada el jueves 1 y viernes 2 de junio, por lo que las clases ser\u00e1n en l\u00ednea.<\/p>\n\n\n\n<p>Con el fin de atender a la comunidad estudiantil, personal docente, madres y padres de familia, el Consejo para la Convivencia Escolar (CONVIVE) brindar\u00e1 apoyo socioemocional.<\/p>\n\n\n\n<p>QUEDAR\u00c1 LIBRE<\/p>\n\n\n\n<p>Por su parte, la Fiscal\u00eda General de Justicia (FGJ) del Edomex inici\u00f3 una investigaci\u00f3n por los hechos ocurridos al interior de la secundaria ubicada en la colonia Magdalena Atlipac en los que un alumno dispar\u00f3 un arma de fuego al interior del plantel, hiriendo a un hombre de 62 a\u00f1os.<\/p>\n\n\n\n<p>En el lugar los peritos aseguraron un arma de fuego tipo escuadra calibre 9 mm, un cartucho \u00fatil .380 y cuatro casquillos de 9 mm percutidos.<\/p>\n\n\n\n<p>La Fiscal\u00eda del Edomex recalc\u00f3 que al tratarse de un menor de 13 a\u00f1os de edad quien cometi\u00f3 la agresi\u00f3n no puede ser sentenciado a prisi\u00f3n, por lo que ser\u00e1 liberado y entregado a sus padres, en apego al art\u00edculo 5 de la Ley Nacional del Sistema Integral de Justicia Penal para Adolescentes.<\/p>\n\n\n\n<p>La autoridad educativa del Estado de M\u00e9xico confirm\u00f3 que el estudiante de primer a\u00f1o que realiz\u00f3 disparos al interior de la Secundaria 80 en La Paz, Edomex, ten\u00eda la intenci\u00f3n de balear a su maestro pero fue detenido por el conserje, quien result\u00f3 herido por una bala.<\/p>\n\n\n\n<p>(Informaci\u00f3n de Radio F\u00f3rmula)<\/p>\n","protected":false},"excerpt":{"rendered":"<p>Redacci\u00f3n\/Zona Roja Cdmx. Ciudad de M\u00e9xico, a 1 de junio de 2023.- Tras los hechos&hellip;<\/p>\n","protected":false},"author":2,"featured_media":55916,"comment_status":"closed","ping_status":"open","sticky":false,"template":"","format":"standard","meta":{"_lmt_disableupdate":"","_lmt_disable":"","_jetpack_memberships_contains_paid_content":false,"footnotes":""},"categories":[109,47],"tags":[1200],"class_list":["post-55915","post","type-post","status-publish","format-standard","has-post-thumbnail","hentry","category-minuto-a-minuto","category-zona-gris","tag-estado-de-mexico"],"jetpack_featured_media_url":"https:\/\/zonaroja.com.mx\/wp-content\/uploads\/2023\/06\/Alumno-secundaria-Edomex.jpeg","jetpack_sharing_enabled":true,"_links":{"self":[{"href":"https:\/\/zonaroja.com.mx\/index.php?rest_route=\/wp\/v2\/posts\/55915","targetHints":{"allow":["GET"]}}],"collection":[{"href":"https:\/\/zonaroja.com.mx\/index.php?rest_route=\/wp\/v2\/posts"}],"about":[{"href":"https:\/\/zonaroja.com.mx\/index.php?rest_route=\/wp\/v2\/types\/post"}],"author":[{"embeddable":true,"href":"https:\/\/zonaroja.com.mx\/index.php?rest_route=\/wp\/v2\/users\/2"}],"replies":[{"embeddable":true,"href":"https:\/\/zonaroja.com.mx\/index.php?rest_route=%2Fwp%2Fv2%2Fcomments&post=55915"}],"version-history":[{"count":1,"href":"https:\/\/zonaroja.com.mx\/index.php?rest_route=\/wp\/v2\/posts\/55915\/revisions"}],"predecessor-version":[{"id":55917,"href":"https:\/\/zonaroja.com.mx\/index.php?rest_route=\/wp\/v2\/posts\/55915\/revisions\/55917"}],"wp:featuredmedia":[{"embeddable":true,"href":"https:\/\/zonaroja.com.mx\/index.php?rest_route=\/wp\/v2\/media\/55916"}],"wp:attachment":[{"href":"https:\/\/zonaroja.com.mx\/index.php?rest_route=%2Fwp%2Fv2%2Fmedia&parent=55915"}],"wp:term":[{"taxonomy":"category","embeddable":true,"href":"https:\/\/zonaroja.com.mx\/index.php?rest_route=%2Fwp%2Fv2%2Fcategories&post=55915"},{"taxonomy":"post_tag","embeddable":true,"href":"https:\/\/zonaroja.com.mx\/index.php?rest_route=%2Fwp%2Fv2%2Ftags&post=55915"}],"curies":[{"name":"wp","href":"https:\/\/api.w.org\/{rel}","templated":true}]}}