{"id":55918,"date":"2023-06-01T13:56:00","date_gmt":"2023-06-01T18:56:00","guid":{"rendered":"http:\/\/www.zonaroja.com.mx\/?p=55918"},"modified":"2023-06-01T07:57:11","modified_gmt":"2023-06-01T12:57:11","slug":"mantiene-el-presidente-aprobacion-de-58-en-mayo","status":"publish","type":"post","link":"https:\/\/zonaroja.com.mx\/?p=55918","title":{"rendered":"Mantiene el Presidente aprobaci\u00f3n de 58% en mayo"},"content":{"rendered":"\n<p>Redacci\u00f3n\/Zona Roja Cdmx.<\/p>\n\n\n\n<p>Ciudad de M\u00e9xico, a 1 de junio de 2023.- Andr\u00e9s Manuel L\u00f3pez Obrador obtuvo en mayo 58 por ciento de aprobaci\u00f3n a su labor como Presidente, repitiendo el mismo nivel que tuvo en abril, de acuerdo con la m\u00e1s reciente encuesta nacional de \u201cEl Financiero\u201d para evaluar la gesti\u00f3n de gobierno.<\/p>\n\n\n\n<p>La encuesta se realiz\u00f3 a 800 personas adultas v\u00eda telef\u00f3nica, tanto a n\u00fameros residenciales como m\u00f3viles en todo el pa\u00eds, cubriendo un periodo en el que continuaron lo que parecen ser confrontaciones entre el Poder Ejecutivo y el Poder Judicial, que derivaron en la menci\u00f3n que hizo el mandatario federal a un \u201cgolpe de Estado t\u00e9cnico\u201d este lunes 29 de mayo, declaraciones que ya no se consideraron en la encuesta.<\/p>\n\n\n\n<p>Lo que s\u00ed se consider\u00f3 fue la decisi\u00f3n de la Suprema Corte de declarar como inconstitucional el decreto del Presidente que declaraba a sus obras prioritarias como de seguridad nacional. La decisi\u00f3n dividi\u00f3 opiniones: 45 por ciento la aprueba y otro 45 por ciento la desaprueba. El gobierno declar\u00f3 que el decreto no era una medida en contra de la transparencia, sino para no detener las obras.<\/p>\n\n\n\n<p>La encuesta revela que la gran mayor\u00eda de ciudadanos est\u00e1 a favor de que haya transparencia: de acuerdo con el estudio, 75 por ciento aprueba que cualquier ciudadano pueda solicitar informaci\u00f3n sobre los proyectos y obras de gobierno sin que se le pueda negar, un principio que acompa\u00f1\u00f3 a la decisi\u00f3n de la Corte, tras su fallo de declarar el decreto como inconstitucional.<\/p>\n\n\n\n<p>Por otra parte, 70 por ciento desaprueba las manifestaciones que hubo afuera de la SCJN, en las que se mostraron ata\u00fades e im\u00e1genes de las y los ministros de la Corte.<\/p>\n\n\n\n<p>Seg\u00fan la encuesta, la aprobaci\u00f3n al trabajo que est\u00e1 haciendo la SCJN es de 57 por ciento, una variaci\u00f3n de dos puntos con respecto a abril, cuando registr\u00f3 59 por ciento.<\/p>\n\n\n\n<p>DESEMPE\u00d1O<\/p>\n\n\n\n<p>La encuesta de mayo arroja 35 por ciento de opini\u00f3n favorable y 51 por ciento de opini\u00f3n desfavorable sobre el manejo de la econom\u00eda que est\u00e1 haciendo el gobierno. Tambi\u00e9n arroja 24 por ciento de opini\u00f3n favorable y 61 por ciento desfavorable en materia de seguridad p\u00fablica.<\/p>\n\n\n\n<p>En el rubro de corrupci\u00f3n la opini\u00f3n se divide: 38 por ciento calific\u00f3 bien o muy bien la labor del gobierno, frente a 36 por ciento que califica mal o muy mal.<\/p>\n\n\n\n<p>En lo que m\u00e1s destaca la administraci\u00f3n obradorista es en apoyos sociales, con 49 por ciento de opiniones positivas y 30 por ciento negativas.<\/p>\n\n\n\n<p>Las obras de gobierno tambi\u00e9n registran un balance positivo en las opiniones, toda vez que captan 50 por ciento o m\u00e1s de opini\u00f3n favorable: el AIFA, 57 por ciento; el Tren Maya, 51 por ciento, y la refiner\u00eda de Dos Bocas, 50 por ciento.<\/p>\n\n\n\n<p>El sondeo indica que la imagen de honestidad del mandatario mejor\u00f3, al registrar 58 por ciento de opini\u00f3n favorable, su nivel m\u00e1s alto desde julio del a\u00f1o pasado. En imagen de liderazgo tambi\u00e9n hubo mejora, con 52 por ciento, cinco puntos m\u00e1s que en abril. Lo que sigue estable es la imagen de capacidad para resultados, que registr\u00f3 40 por ciento, apenas un punto m\u00e1s que el mes pasado.<\/p>\n\n\n\n<p>(Informaci\u00f3n de \u201cEl Financiero\u201d)<\/p>\n","protected":false},"excerpt":{"rendered":"<p>Redacci\u00f3n\/Zona Roja Cdmx. Ciudad de M\u00e9xico, a 1 de junio de 2023.- Andr\u00e9s Manuel L\u00f3pez&hellip;<\/p>\n","protected":false},"author":2,"featured_media":54657,"comment_status":"closed","ping_status":"open","sticky":false,"template":"","format":"standard","meta":{"_lmt_disableupdate":"","_lmt_disable":"","_jetpack_memberships_contains_paid_content":false,"footnotes":""},"categories":[109,46],"tags":[143],"class_list":["post-55918","post","type-post","status-publish","format-standard","has-post-thumbnail","hentry","category-minuto-a-minuto","category-zona-blanca","tag-andres-manuel-lopez-obrador"],"jetpack_featured_media_url":"https:\/\/zonaroja.com.mx\/wp-content\/uploads\/2023\/04\/Andres-Manuel-Lopez-Obrador.jpg","jetpack_sharing_enabled":true,"_links":{"self":[{"href":"https:\/\/zonaroja.com.mx\/index.php?rest_route=\/wp\/v2\/posts\/55918","targetHints":{"allow":["GET"]}}],"collection":[{"href":"https:\/\/zonaroja.com.mx\/index.php?rest_route=\/wp\/v2\/posts"}],"about":[{"href":"https:\/\/zonaroja.com.mx\/index.php?rest_route=\/wp\/v2\/types\/post"}],"author":[{"embeddable":true,"href":"https:\/\/zonaroja.com.mx\/index.php?rest_route=\/wp\/v2\/users\/2"}],"replies":[{"embeddable":true,"href":"https:\/\/zonaroja.com.mx\/index.php?rest_route=%2Fwp%2Fv2%2Fcomments&post=55918"}],"version-history":[{"count":1,"href":"https:\/\/zonaroja.com.mx\/index.php?rest_route=\/wp\/v2\/posts\/55918\/revisions"}],"predecessor-version":[{"id":55919,"href":"https:\/\/zonaroja.com.mx\/index.php?rest_route=\/wp\/v2\/posts\/55918\/revisions\/55919"}],"wp:featuredmedia":[{"embeddable":true,"href":"https:\/\/zonaroja.com.mx\/index.php?rest_route=\/wp\/v2\/media\/54657"}],"wp:attachment":[{"href":"https:\/\/zonaroja.com.mx\/index.php?rest_route=%2Fwp%2Fv2%2Fmedia&parent=55918"}],"wp:term":[{"taxonomy":"category","embeddable":true,"href":"https:\/\/zonaroja.com.mx\/index.php?rest_route=%2Fwp%2Fv2%2Fcategories&post=55918"},{"taxonomy":"post_tag","embeddable":true,"href":"https:\/\/zonaroja.com.mx\/index.php?rest_route=%2Fwp%2Fv2%2Ftags&post=55918"}],"curies":[{"name":"wp","href":"https:\/\/api.w.org\/{rel}","templated":true}]}}