{"id":55920,"date":"2023-06-01T08:06:56","date_gmt":"2023-06-01T13:06:56","guid":{"rendered":"http:\/\/www.zonaroja.com.mx\/?p=55920"},"modified":"2023-06-01T08:07:00","modified_gmt":"2023-06-01T13:07:00","slug":"dan-80-anos-de-prision-a-mujer-que-mato-a-sus-suegros-empresarios","status":"publish","type":"post","link":"https:\/\/zonaroja.com.mx\/?p=55920","title":{"rendered":"Dan 80 a\u00f1os de prisi\u00f3n a mujer que mat\u00f3 a sus suegros empresarios"},"content":{"rendered":"\n<p>Redacci\u00f3n\/Zona Roja.<\/p>\n\n\n\n<p>Oaxaca de Ju\u00e1rez, Oax., a 1 de mayo de 2023.- La Fiscal\u00eda General del Estado de Oaxaca (FGEO) obtuvo en una sentencia, la pena m\u00e1xima de 80 a\u00f1os de prisi\u00f3n, as\u00ed como la reparaci\u00f3n del da\u00f1o por 844 mil 950 pesos, contra una mujer identificada como L. S. C., por el delito de Homicidio Calificado con Ventaja cometido contra el empresario transportista J. O. M. y su esposa G. C. H. M., ocurrido el 7 diciembre de 2019, en la ciudad de Oaxaca de Ju\u00e1rez.<\/p>\n\n\n\n<p>De acuerdo con la causa penal, en la citada fecha, L. S. C. \u2014en compa\u00f1\u00eda de otros sujetos\u2014, lleg\u00f3 al domicilio particular de las v\u00edctimas, ubicado sobre la calle J. P. Garc\u00eda, colonia Centro del municipio de Oaxaca, donde privaron de la vida a G. C. H. M. y a J. O. M.<\/p>\n\n\n\n<p>Ante estos hechos, la instituci\u00f3n procuradora de justicia dio inicio a una rigurosa investigaci\u00f3n \u2014a trav\u00e9s de la Fiscal\u00eda Especializada en Atenci\u00f3n a Delitos de Alto Impacto\u2014, logrando identificar, aprehender y llevar ante el Juzgado de Control a la ahora sentenciada.<\/p>\n\n\n\n<p>La mujer fue aprehendida por Agentes Estatales de Investigaci\u00f3n el 26 de junio de 2020 en la capital oaxaque\u00f1a, luego de que la Fiscal\u00eda Especializada en Atenci\u00f3n a Delitos de Alto Impacto efectuara las investigaciones correspondientes y obtuviera la orden del Juez.<\/p>\n\n\n\n<p>En audiencia realizada el 24 de mayo, y luego de que la FGEO aportara los datos de prueba suficientes, la Jueza del Tribunal Unitario de Enjuiciamiento dict\u00f3 fallo condenatorio en contra de L. S. C., como responsable del homicidio calificado con ventaja y este 31 de mayo se dict\u00f3 la pena m\u00e1xima de 80 a\u00f1os de prisi\u00f3n, adem\u00e1s de conden\u00e1rsele al pago de reparaci\u00f3n del da\u00f1o por la cantidad de 844 mil 950 pesos.<\/p>\n\n\n\n<p>La Fiscal\u00eda General refrenda su compromiso de llevar ante la justicia y sin distingo a quien o quienes cometen delitos que laceran el tejido social de Oaxaca.<\/p>\n\n\n\n<p>70 A\u00d1OS A SECUESTRADOR<\/p>\n\n\n\n<p>Por otra parte, como resultado de las investigaciones especializadas en delitos de alto impacto, la Fiscal\u00eda General del Estado de Oaxaca (FGEO) obtuvo una sentencia condenatoria de 70 a\u00f1os de prisi\u00f3n en contra de la persona del sexo masculino identificada como C. J. P., responsable del delito de Secuestro Agravado, cometido en la regi\u00f3n de la Costa.<\/p>\n\n\n\n<p>En el expediente penal del caso, consta que los hechos sucedieron el 16 de agosto de 2009, cuando la v\u00edctima -un hombre identificado como J. E. B. H.- fue interceptada por un grupo de personas, entre las que se encontraba C. J. P., cuando se encontraba a la orilla de la carretera costera, a la altura de la localidad de San Jos\u00e9 Manialtepec, que est\u00e1 situada en el municipio de Villa de Tututepec.<\/p>\n\n\n\n<p>Luego de privar ilegalmente de la libertad a la v\u00edctima, los plagiarios se pusieron en contacto con la familia para exigir dinero a cambio de su liberaci\u00f3n.<\/p>\n\n\n\n<p>La Vicefiscal\u00eda Regional de la Costa tom\u00f3 conocimiento del caso y realiz\u00f3 las investigaciones correspondientes, derivadas de las cuales se logr\u00f3 la ejecuci\u00f3n de la orden de aprehensi\u00f3n de C. J. P.<\/p>\n\n\n\n<p>Al presentar ante el Juez de la causa, los datos de prueba obtenidos por la FGEO, se dict\u00f3 sentencia condenatoria de 70 a\u00f1os de prisi\u00f3n y se impuso el pago de una multa y reparaci\u00f3n del da\u00f1o en contra de C. J. P., responsable del delito de Secuestro Agravado.<\/p>\n\n\n\n<p>La Fiscal\u00eda de Oaxaca refrenda en los hechos, su compromiso de realizar investigaciones expeditas a favor de las v\u00edctimas para que tengan acceso pleno a la justicia.<\/p>\n\n\n\n<p>(Comunicado)<\/p>\n","protected":false},"excerpt":{"rendered":"<p>Redacci\u00f3n\/Zona Roja. Oaxaca de Ju\u00e1rez, Oax., a 1 de mayo de 2023.- La Fiscal\u00eda General&hellip;<\/p>\n","protected":false},"author":2,"featured_media":34298,"comment_status":"closed","ping_status":"open","sticky":false,"template":"","format":"standard","meta":{"_lmt_disableupdate":"","_lmt_disable":"","_jetpack_memberships_contains_paid_content":false,"footnotes":""},"categories":[109,46],"tags":[494],"class_list":["post-55920","post","type-post","status-publish","format-standard","has-post-thumbnail","hentry","category-minuto-a-minuto","category-zona-blanca","tag-fiscalia-general-del-estado-de-oaxaca"],"jetpack_featured_media_url":"https:\/\/zonaroja.com.mx\/wp-content\/uploads\/2021\/11\/Detenida-mujer-delito-aprehendida1.jpg","jetpack_sharing_enabled":true,"_links":{"self":[{"href":"https:\/\/zonaroja.com.mx\/index.php?rest_route=\/wp\/v2\/posts\/55920","targetHints":{"allow":["GET"]}}],"collection":[{"href":"https:\/\/zonaroja.com.mx\/index.php?rest_route=\/wp\/v2\/posts"}],"about":[{"href":"https:\/\/zonaroja.com.mx\/index.php?rest_route=\/wp\/v2\/types\/post"}],"author":[{"embeddable":true,"href":"https:\/\/zonaroja.com.mx\/index.php?rest_route=\/wp\/v2\/users\/2"}],"replies":[{"embeddable":true,"href":"https:\/\/zonaroja.com.mx\/index.php?rest_route=%2Fwp%2Fv2%2Fcomments&post=55920"}],"version-history":[{"count":1,"href":"https:\/\/zonaroja.com.mx\/index.php?rest_route=\/wp\/v2\/posts\/55920\/revisions"}],"predecessor-version":[{"id":55921,"href":"https:\/\/zonaroja.com.mx\/index.php?rest_route=\/wp\/v2\/posts\/55920\/revisions\/55921"}],"wp:featuredmedia":[{"embeddable":true,"href":"https:\/\/zonaroja.com.mx\/index.php?rest_route=\/wp\/v2\/media\/34298"}],"wp:attachment":[{"href":"https:\/\/zonaroja.com.mx\/index.php?rest_route=%2Fwp%2Fv2%2Fmedia&parent=55920"}],"wp:term":[{"taxonomy":"category","embeddable":true,"href":"https:\/\/zonaroja.com.mx\/index.php?rest_route=%2Fwp%2Fv2%2Fcategories&post=55920"},{"taxonomy":"post_tag","embeddable":true,"href":"https:\/\/zonaroja.com.mx\/index.php?rest_route=%2Fwp%2Fv2%2Ftags&post=55920"}],"curies":[{"name":"wp","href":"https:\/\/api.w.org\/{rel}","templated":true}]}}