{"id":55922,"date":"2023-06-01T10:13:00","date_gmt":"2023-06-01T15:13:00","guid":{"rendered":"http:\/\/www.zonaroja.com.mx\/?p=55922"},"modified":"2023-06-01T08:43:29","modified_gmt":"2023-06-01T13:43:29","slug":"denuncian-incremento-de-la-violencia-en-la-mixteca-y-omision-de-gobierno","status":"publish","type":"post","link":"https:\/\/zonaroja.com.mx\/?p=55922","title":{"rendered":"Denuncian incremento de la violencia en la Mixteca y omisi\u00f3n de gobierno"},"content":{"rendered":"\n<p>Redacci\u00f3n\/Zona Roja.<\/p>\n\n\n\n<p>Oaxaca de Ju\u00e1rez, Oax., a 1 de junio de 2023.- La ola criminal y la presencia de grupos del crimen organizado se increment\u00f3 en la regi\u00f3n Mixteca de Oaxaca.<\/p>\n\n\n\n<p>Apenas anoche se registr\u00f3 la ejecuci\u00f3n de un taxista en la ciudad de Huajuapan de Le\u00f3n, pero adem\u00e1s de los homicidios, los secuestros y las extorsiones van al alza, denunciaron habitantes y empresarios de la regi\u00f3n.<\/p>\n\n\n\n<p>Se\u00f1alaron asimismo la nula presencia de polic\u00edas de la Secretar\u00eda de Seguridad y Protecci\u00f3n Ciudadana del gobierno de Oaxaca, as\u00ed como la escasa presencia de la Guardia Nacional y otras corporaciones federales.<\/p>\n\n\n\n<p>Y es que lo que anteriormente eran robos de veh\u00edculos y de autotransporte, y que generaban grandes p\u00e9rdidas econ\u00f3micas, hoy se han convertido en una serie de secuestros por los que las v\u00edctimas y sus familias, han tenido que recabar hasta 500 mil pesos por salvar sus vidas.<\/p>\n\n\n\n<p>Se trata de delitos que se cometen en las carreteras federales 190 y 125, Huajuapan-M\u00e9xico y Huajuapan-Tehuac\u00e1n, respectivamente, sobre todo en \u00e9sta \u00faltima.<\/p>\n\n\n\n<p>AS\u00cd OPERAN<\/p>\n\n\n\n<p>A trav\u00e9s de redes sociales, quienes han sido v\u00edctimas en las \u00faltimas semanas, han referido que viajan en sus veh\u00edculos, y antes de que salgan del estado de Oaxaca o Puebla, son interceptados por la delincuencia.<\/p>\n\n\n\n<p>Son obligados a descender, y son golpeados, incluso, hay quienes refieren que los delincuentes han usado diversos artefactos, para hacerles da\u00f1o.<\/p>\n\n\n\n<p>Denunciaron que, adem\u00e1s de quitarles los veh\u00edculos en los que se trasladan, sus celulares y el dinero que lleven consigo, son amedrentados, torturados y amenazados.<\/p>\n\n\n\n<p>Hay personas que han tenido secuestradas hasta por tres d\u00edas, mientras se hacen las negociaciones con los familiares, a quienes han logrado quitar de 100 mil hasta 500 mil pesos, adem\u00e1s de sus veh\u00edculos, revelaron algunas v\u00edctimas, por separado.<\/p>\n\n\n\n<p>\u201cLo preocupante de esta situaci\u00f3n es que no hay autoridad o corporaci\u00f3n confiable a la que podamos acudir, pues la delincuencia tiene una red muy grande de complicidades\u201d, condenaron en el anonimato, para evitar represalias.<\/p>\n\n\n\n<p>Tambi\u00e9n lamentaron que las denuncias que se han interpuesto por diversos delitos en esas zonas se quedan archivados, tanto en Oaxaca como en Puebla, \u201cmientras tanto, uno vive con miedo, pues no se sabe de qu\u00e9 m\u00e1s son capaces estas organizaciones\u201d.<\/p>\n\n\n\n<p>Pero no es nueva la inseguridad en estas dos \u00e1reas; a la altura del paraje Las Palomas (rumbo a Iz\u00facar de Matamoros) y de Chazumba hasta Miltepec (en la v\u00eda hacia Tehuac\u00e1n), \u201cen horarios que no tienen nada que ver con, si es de d\u00eda o de noche, ni si las v\u00edctimas van solas o acompa\u00f1adas\u201d.<\/p>\n\n\n\n<p>\u201cLlevan a\u00f1os operando, pero sus acciones se recrudecen cada vez m\u00e1s y no hay nadie que intervenga al respecto\u201d, condenaron. Se estima que, diariamente, suceden alrededor de 10 robos con violencia y secuestros.<\/p>\n\n\n\n<p>Por ello, hicieron un llamado urgente a las autoridades de los tres \u00f3rdenes de gobierno, para atender ya esta problem\u00e1tica que, insistieron, se ha denunciado penalmente, sin \u00e9xito.<\/p>\n","protected":false},"excerpt":{"rendered":"<p>Redacci\u00f3n\/Zona Roja. Oaxaca de Ju\u00e1rez, Oax., a 1 de junio de 2023.- La ola criminal&hellip;<\/p>\n","protected":false},"author":2,"featured_media":55923,"comment_status":"closed","ping_status":"open","sticky":false,"template":"","format":"standard","meta":{"_lmt_disableupdate":"","_lmt_disable":"","_jetpack_memberships_contains_paid_content":false,"footnotes":""},"categories":[109,47],"tags":[964],"class_list":["post-55922","post","type-post","status-publish","format-standard","has-post-thumbnail","hentry","category-minuto-a-minuto","category-zona-gris","tag-violencia-oaxaca"],"jetpack_featured_media_url":"https:\/\/zonaroja.com.mx\/wp-content\/uploads\/2023\/06\/Carreteras-de-la-Mixteca-secuestros.jpg","jetpack_sharing_enabled":true,"_links":{"self":[{"href":"https:\/\/zonaroja.com.mx\/index.php?rest_route=\/wp\/v2\/posts\/55922","targetHints":{"allow":["GET"]}}],"collection":[{"href":"https:\/\/zonaroja.com.mx\/index.php?rest_route=\/wp\/v2\/posts"}],"about":[{"href":"https:\/\/zonaroja.com.mx\/index.php?rest_route=\/wp\/v2\/types\/post"}],"author":[{"embeddable":true,"href":"https:\/\/zonaroja.com.mx\/index.php?rest_route=\/wp\/v2\/users\/2"}],"replies":[{"embeddable":true,"href":"https:\/\/zonaroja.com.mx\/index.php?rest_route=%2Fwp%2Fv2%2Fcomments&post=55922"}],"version-history":[{"count":1,"href":"https:\/\/zonaroja.com.mx\/index.php?rest_route=\/wp\/v2\/posts\/55922\/revisions"}],"predecessor-version":[{"id":55924,"href":"https:\/\/zonaroja.com.mx\/index.php?rest_route=\/wp\/v2\/posts\/55922\/revisions\/55924"}],"wp:featuredmedia":[{"embeddable":true,"href":"https:\/\/zonaroja.com.mx\/index.php?rest_route=\/wp\/v2\/media\/55923"}],"wp:attachment":[{"href":"https:\/\/zonaroja.com.mx\/index.php?rest_route=%2Fwp%2Fv2%2Fmedia&parent=55922"}],"wp:term":[{"taxonomy":"category","embeddable":true,"href":"https:\/\/zonaroja.com.mx\/index.php?rest_route=%2Fwp%2Fv2%2Fcategories&post=55922"},{"taxonomy":"post_tag","embeddable":true,"href":"https:\/\/zonaroja.com.mx\/index.php?rest_route=%2Fwp%2Fv2%2Ftags&post=55922"}],"curies":[{"name":"wp","href":"https:\/\/api.w.org\/{rel}","templated":true}]}}