{"id":55925,"date":"2023-06-01T12:43:00","date_gmt":"2023-06-01T17:43:00","guid":{"rendered":"http:\/\/www.zonaroja.com.mx\/?p=55925"},"modified":"2023-06-01T18:28:17","modified_gmt":"2023-06-01T23:28:17","slug":"maria-del-sol-cinco-anos-de-dolor-y-de-impunidad","status":"publish","type":"post","link":"https:\/\/zonaroja.com.mx\/?p=55925","title":{"rendered":"Mar\u00eda del Sol: cinco a\u00f1os de dolor y de impunidad"},"content":{"rendered":"\n<p>Yuridiana Sosa\/Zona Roja.<\/p>\n\n\n\n<p>Oaxaca de Ju\u00e1rez, Oax., a 1 de junio de 2023.- La herida no cierra, es imposible en medio de una batalla contra la impunidad.<\/p>\n\n\n\n<p>Pero con esa herida que transpira cada vez m\u00e1s fuerte ante el paso del tiempo, Soledad Jarqu\u00edn Edgar lleva sobreviviendo cinco a\u00f1os desde el crimen de su hija Mar\u00eda del Sol Cruz Jarqu\u00edn, ocurrido el 2 de junio de 2018 en Juchit\u00e1n de Zaragoza.<\/p>\n\n\n\n<p>La periodista, defensora de los derechos de las mujeres, record\u00f3 el tr\u00e1gico d\u00eda a trav\u00e9s de un video en sus redes sociales, d\u00eda en el que de golpe no s\u00f3lo se apag\u00f3 una vida.<\/p>\n\n\n\n<p>\u201cTu cuerpo ol\u00eda a sangre. Sent\u00ed fr\u00edo, estaba sucio y t\u00fa estabas con tierra en tu cuerpo, te quit\u00e9 con mis manos la tierra de tu cara y ese amasijo que se hizo con la sangre seca olorosa\u201d, escribi\u00f3 Soledad Jarqu\u00edn, en un video con im\u00e1genes de Sol, como le dec\u00edan a la joven fotoperiodista.<\/p>\n\n\n\n<p>\u201cLo que no pude quitarte fueron las siete balas incrustadas en tu cuerpo. Y en ese momento dej\u00e9 de llorar para abrazarte. Y decirte que te vayas tranquila, que me doler\u00e1 todo ausencia. Y s\u00ed mi ni\u00f1a, tu crimen no quedar\u00e1 impune\u201d, se lee en el mensaje publicado.<\/p>\n\n\n\n<p>Son cinco a\u00f1os en los que la justicia para Mar\u00eda del Sol duerme. \u201cHoy digo que en Oaxaca la impunidad sigue y mata\u201d, apunt\u00f3 Soledad Jarqu\u00edn en entrevista para ZONA ROJA.<\/p>\n\n\n\n<p>SIN AVANCES NO HAY DI\u00c1LOGO<\/p>\n\n\n\n<p>Con dos fiscales de Oaxaca que anteriormente s\u00f3lo prometieron, para Jarqu\u00edn Edgar no es necesario volver a escuchar una promesa m\u00e1s de parte del nuevo titular, Bernardo Rodr\u00edguez Alamilla.<\/p>\n\n\n\n<p>En entrevista exclusiva con ZONA ROJA, Soledad reconoci\u00f3 que el actual fiscal le solicit\u00f3 un encuentro, pero lo rechaz\u00f3. Con cortes\u00eda le contest\u00f3 que la mandara a llamar s\u00f3lo en el caso que hubiera avances, pues se hart\u00f3 de los falsos compromisos de sus antecesores.<\/p>\n\n\n\n<figure class=\"wp-block-embed is-type-rich is-provider-twitter wp-block-embed-twitter\"><div class=\"wp-block-embed__wrapper\">\n<div class=\"twitter-tweet\"><blockquote class=\"twitter-tweet\" data-lang=\"es\"><p lang=\"es\" dir=\"ltr\">\ud83d\ude4f<br>\u201cTe recordar\u00e9 como mi hija inteligente, indignada y amorosa que fuiste\u2026 Y s\u00ed, mi ni\u00f1a, tu crimen no quedar\u00e1 impune\u201d. <br>As\u00ed recuerda la periodista Soledad Jarqu\u00edn (<a href=\"https:\/\/twitter.com\/jarquinedgar?ref_src=twsrc%5Etfw\">@jarquinedgar<\/a>) a su hija Mar\u00eda del Sol, ultimada el 2 de junio de 2018 y por cuyo caso sigue exigiendo justicia. <a href=\"https:\/\/t.co\/WMx3PYE8gJ\">pic.twitter.com\/WMx3PYE8gJ<\/a><\/p>&mdash; Zona Roja Oaxaca (@ZonaRoja_Oaxaca) <a href=\"https:\/\/twitter.com\/ZonaRoja_Oaxaca\/status\/1663600065922072576?ref_src=twsrc%5Etfw\">30 de mayo de 2023<\/a><\/blockquote><\/div>\n<\/div><\/figure>\n\n\n\n<p>\u201cNo entienden que cada falsa llamada se juega con la esperanza que tenemos\u201d, se\u00f1al\u00f3 la madre, quien record\u00f3 que por el caso de Mar\u00eda del Sol no existe ni una sola persona detenida, incluso, ni siquiera contra H.S.CH., quien fue condenado a 13 a\u00f1os de prisi\u00f3n por el delito de robo agravado, por el equipo de la fotoperiodista, pues el juez determin\u00f3 en septiembre que sea \u00e9l mismo el que se entregue.<\/p>\n\n\n\n<p>\u201cLa justicia nunca alcanzar\u00e1 para reparar el da\u00f1o que nos han hecho\u201d, sentenci\u00f3 Jarqu\u00edn Edgar, quien a pesar de eso mantiene con todas sus fuerzas la llama de esperanza de que alg\u00fan d\u00eda la justicia en Oaxaca y en M\u00e9xico deje de ser una simulaci\u00f3n.<\/p>\n\n\n\n<p>Con la llegada del nuevo gobierno de Morena, que encabeza Salom\u00f3n Jara Cruz, tampoco se nota una diferencia.<\/p>\n\n\n\n<p>Soledad Jarqu\u00edn celebr\u00f3 la salida del ex gobernador Alejandro Murat, pero refiere que los anteriores y los actuales \u201cson lo mismo, son parte del mismo sistema\u201d, por lo que la impunidad seguir\u00e1 y en ese sentido, agreg\u00f3, \u201cno s\u00e9 hasta cu\u00e1ndo podamos resistir\u201d.<\/p>\n\n\n\n<p>En contraste, la denuncia internacional ante el Comit\u00e9 para la Eliminaci\u00f3n de la Discriminaci\u00f3n contra la Mujer (CEDAW) ya present\u00f3 avances, aunque el Estado Mexicano contest\u00f3 a los cuestionamientos de la organizaci\u00f3n de manera lamentable para impedir la justicia y salvar a sus instituciones de toda responsabilidad.<\/p>\n\n\n\n<p>A\u00d1O DIFERENTE<\/p>\n\n\n\n<p>Este a\u00f1o Soledad Jarqu\u00edn reserv\u00f3 las actividades para recordar a Mar\u00eda del Sol para su familia, ser\u00e1 con actos privados como se recuerde el lustro de la partida de la fotoperiodista, as\u00ed como s\u00f3lo emitir\u00e1 en sus redes sociales un posicionamiento para p\u00fablico.<\/p>\n\n\n\n<p>Semanas despu\u00e9s realizar\u00e1 los actos p\u00fablicos como lo ha hecho en a\u00f1os anteriores.<\/p>\n","protected":false},"excerpt":{"rendered":"<p>Yuridiana Sosa\/Zona Roja. Oaxaca de Ju\u00e1rez, Oax., a 1 de junio de 2023.- La herida&hellip;<\/p>\n","protected":false},"author":2,"featured_media":55926,"comment_status":"closed","ping_status":"open","sticky":false,"template":"","format":"standard","meta":{"_lmt_disableupdate":"","_lmt_disable":"","_jetpack_memberships_contains_paid_content":false,"footnotes":""},"categories":[109,47],"tags":[1059],"class_list":["post-55925","post","type-post","status-publish","format-standard","has-post-thumbnail","hentry","category-minuto-a-minuto","category-zona-gris","tag-maria-del-sol-cruz-jarquin"],"jetpack_featured_media_url":"https:\/\/zonaroja.com.mx\/wp-content\/uploads\/2023\/06\/Soledad-Jarquin-Maria-del-Sol-Cruz-Jarquin.jpg","jetpack_sharing_enabled":true,"_links":{"self":[{"href":"https:\/\/zonaroja.com.mx\/index.php?rest_route=\/wp\/v2\/posts\/55925","targetHints":{"allow":["GET"]}}],"collection":[{"href":"https:\/\/zonaroja.com.mx\/index.php?rest_route=\/wp\/v2\/posts"}],"about":[{"href":"https:\/\/zonaroja.com.mx\/index.php?rest_route=\/wp\/v2\/types\/post"}],"author":[{"embeddable":true,"href":"https:\/\/zonaroja.com.mx\/index.php?rest_route=\/wp\/v2\/users\/2"}],"replies":[{"embeddable":true,"href":"https:\/\/zonaroja.com.mx\/index.php?rest_route=%2Fwp%2Fv2%2Fcomments&post=55925"}],"version-history":[{"count":2,"href":"https:\/\/zonaroja.com.mx\/index.php?rest_route=\/wp\/v2\/posts\/55925\/revisions"}],"predecessor-version":[{"id":55931,"href":"https:\/\/zonaroja.com.mx\/index.php?rest_route=\/wp\/v2\/posts\/55925\/revisions\/55931"}],"wp:featuredmedia":[{"embeddable":true,"href":"https:\/\/zonaroja.com.mx\/index.php?rest_route=\/wp\/v2\/media\/55926"}],"wp:attachment":[{"href":"https:\/\/zonaroja.com.mx\/index.php?rest_route=%2Fwp%2Fv2%2Fmedia&parent=55925"}],"wp:term":[{"taxonomy":"category","embeddable":true,"href":"https:\/\/zonaroja.com.mx\/index.php?rest_route=%2Fwp%2Fv2%2Fcategories&post=55925"},{"taxonomy":"post_tag","embeddable":true,"href":"https:\/\/zonaroja.com.mx\/index.php?rest_route=%2Fwp%2Fv2%2Ftags&post=55925"}],"curies":[{"name":"wp","href":"https:\/\/api.w.org\/{rel}","templated":true}]}}