{"id":55928,"date":"2023-06-01T11:53:00","date_gmt":"2023-06-01T16:53:00","guid":{"rendered":"http:\/\/www.zonaroja.com.mx\/?p=55928"},"modified":"2023-06-01T08:59:35","modified_gmt":"2023-06-01T13:59:35","slug":"asesinan-a-balazos-al-primo-del-gobernador-de-guanajuato","status":"publish","type":"post","link":"https:\/\/zonaroja.com.mx\/?p=55928","title":{"rendered":"Asesinan a balazos al primo del gobernador de Guanajuato"},"content":{"rendered":"\n<p>Redacci\u00f3n\/Zona Roja Cdmx.<\/p>\n\n\n\n<p>Ciudad de M\u00e9xico, a 1 de junio de 2023.- Gustavo Andr\u00e9s Cordero Vallejo fue atacado a tiros la tarde del 31 de mayo mientras viajaba a bordo de su camioneta en compa\u00f1\u00eda de su familia por las calles de la colonia La Florida, en Le\u00f3n, Guanajuato.<\/p>\n\n\n\n<p>De acuerdo con reportes de medios locales, como AM, la agresi\u00f3n ocurri\u00f3 poco antes de las cinco de la tarde, a escasos metros de una c\u00e1mara de vigilancia del C4. Cordero Vallejo, primo del gobernador Diego Sinhue Rodr\u00edguez Vallejo, hab\u00eda salido de su rancho en Hacienda Arriba en compa\u00f1\u00eda de su esposa y sus dos hijos menores de edad.<\/p>\n\n\n\n<p>Aparentemente, a la familia la sigui\u00f3 un grupo de hombres armados a bordo de un Atos color blanco durante una gran parte del trayecto. El auto de los presuntos agresores, seg\u00fan datos preliminares, ten\u00eda los vidrios polarizados e inici\u00f3 la persecuci\u00f3n desde la colonia Los Castillos. Al llegar a la calle Talabarteros comenzaron a ignorar los sem\u00e1foros en rojo para darle alcance a la camioneta Dodge Ram de Gustavo Cordero.<\/p>\n\n\n\n<p>Cuando circulaban por el bulevar Miguel Hidalgo, una se\u00f1al de alto hizo que el primo del gobernador detuviera su veh\u00edculo, con el que remolcaba a tres toros, dado que se dedicaba a la ganader\u00eda. Fue ah\u00ed que el auto de los aparentes agresores se le emparej\u00f3. Reportes preliminares detallaron que uno de ellos se acerc\u00f3 a la ventanilla del auto de Cordero Vallejo y accion\u00f3 su arma en repetidas ocasiones.<\/p>\n\n\n\n<p>Presumiblemente, el ganadero baj\u00f3 de la Dodge Ram para defenderse del ataque evitar que su familia resultara lesionada por las balas. Sin embargo, cay\u00f3 malherido y el atacante huy\u00f3 con el resto del grupo a bordo del Atos blanco.<\/p>\n\n\n\n<p>Lamentablemente, Gustavo Andr\u00e9s Cordero falleci\u00f3 en el lugar. Su familia, seg\u00fan confirm\u00f3 un polic\u00eda a la prensa local, result\u00f3 ilesa, pues ninguna de las detonaciones los alcanz\u00f3.<\/p>\n\n\n\n<p>Al sitio acudieron elementos de la Secretar\u00eda de Seguridad, Prevenci\u00f3n y Protecci\u00f3n Ciudadana del municipio de Le\u00f3n para iniciar con las indagatorias. La dependencia despleg\u00f3 un operativo en la zona para tratar de identificar a los responsables del ataque y, durante las acciones, un oficial fue agredido en la colonia Lomas de Guadalupe.<\/p>\n\n\n\n<p>\u201cLa Polic\u00eda de Le\u00f3n realiza operativos en la zona norte del municipio, en b\u00fasqueda de los responsables de un ataque contra un oficial de polic\u00eda en la colonia Lomas de Guadalupe. El agente est\u00e1 en atenci\u00f3n m\u00e9dica y se reporta fuera de peligro. En compa\u00f1\u00eda de otro oficial, lesionado por golpes provocados por un percance vial, se encontraban en un operativo de b\u00fasqueda de los responsables de un ataque armado que priv\u00f3 de la vida a un hombre en la colonia La Florida\u201d, inform\u00f3 la Secretar\u00eda por medio de sus canales de comunicaci\u00f3n.<\/p>\n\n\n\n<p>Hasta el momento en que fue publicada la presente edici\u00f3n, el gobernador Diego Sinhue no hab\u00eda emitido ning\u00fan pronunciamiento en sus redes sociales alusivo a estos acontecimientos. Asimismo, no hay registro de personas detenidas por el asesinato de Gustavo Cordero.<\/p>\n\n\n\n<p>Seg\u00fan inform\u00f3 AM, fue la Coordinaci\u00f3n de Comunicaci\u00f3n Social del gobiernoe statal la encargada de confirmar la identidad del ganadero, as\u00ed como su v\u00ednculo familiar con Rodr\u00edguez Vallejo. No obstante, advirtieron que el mandatario no ten\u00eda ninguna cercan\u00eda con la v\u00edctima.<\/p>\n\n\n\n<p>\u201cEl Gobernador lamenta lo sucedido ante un hecho que debe ser resuelto y llevar a los responsables ante la justicia. Y por lo mismo ser\u00e1 la Fiscal\u00eda del Estado quien en lo sucesivo pueda dar m\u00e1s detalles\u201d, fue el mensaje oficial, de acuerdo con el citado medio.<\/p>\n\n\n\n<p>(Informaci\u00f3n de Infobae M\u00e9xico)<\/p>\n","protected":false},"excerpt":{"rendered":"<p>Redacci\u00f3n\/Zona Roja Cdmx. Ciudad de M\u00e9xico, a 1 de junio de 2023.- Gustavo Andr\u00e9s Cordero&hellip;<\/p>\n","protected":false},"author":2,"featured_media":55929,"comment_status":"closed","ping_status":"open","sticky":false,"template":"","format":"standard","meta":{"_lmt_disableupdate":"","_lmt_disable":"","_jetpack_memberships_contains_paid_content":false,"footnotes":""},"categories":[109,51],"tags":[1746],"class_list":["post-55928","post","type-post","status-publish","format-standard","has-post-thumbnail","hentry","category-minuto-a-minuto","category-zona-roja","tag-violencia-en-mexico"],"jetpack_featured_media_url":"https:\/\/zonaroja.com.mx\/wp-content\/uploads\/2023\/06\/Empresario-asesinado-Guanajuato.jpeg","jetpack_sharing_enabled":true,"_links":{"self":[{"href":"https:\/\/zonaroja.com.mx\/index.php?rest_route=\/wp\/v2\/posts\/55928","targetHints":{"allow":["GET"]}}],"collection":[{"href":"https:\/\/zonaroja.com.mx\/index.php?rest_route=\/wp\/v2\/posts"}],"about":[{"href":"https:\/\/zonaroja.com.mx\/index.php?rest_route=\/wp\/v2\/types\/post"}],"author":[{"embeddable":true,"href":"https:\/\/zonaroja.com.mx\/index.php?rest_route=\/wp\/v2\/users\/2"}],"replies":[{"embeddable":true,"href":"https:\/\/zonaroja.com.mx\/index.php?rest_route=%2Fwp%2Fv2%2Fcomments&post=55928"}],"version-history":[{"count":1,"href":"https:\/\/zonaroja.com.mx\/index.php?rest_route=\/wp\/v2\/posts\/55928\/revisions"}],"predecessor-version":[{"id":55930,"href":"https:\/\/zonaroja.com.mx\/index.php?rest_route=\/wp\/v2\/posts\/55928\/revisions\/55930"}],"wp:featuredmedia":[{"embeddable":true,"href":"https:\/\/zonaroja.com.mx\/index.php?rest_route=\/wp\/v2\/media\/55929"}],"wp:attachment":[{"href":"https:\/\/zonaroja.com.mx\/index.php?rest_route=%2Fwp%2Fv2%2Fmedia&parent=55928"}],"wp:term":[{"taxonomy":"category","embeddable":true,"href":"https:\/\/zonaroja.com.mx\/index.php?rest_route=%2Fwp%2Fv2%2Fcategories&post=55928"},{"taxonomy":"post_tag","embeddable":true,"href":"https:\/\/zonaroja.com.mx\/index.php?rest_route=%2Fwp%2Fv2%2Ftags&post=55928"}],"curies":[{"name":"wp","href":"https:\/\/api.w.org\/{rel}","templated":true}]}}