{"id":55932,"date":"2023-06-01T19:22:34","date_gmt":"2023-06-02T00:22:34","guid":{"rendered":"http:\/\/www.zonaroja.com.mx\/?p=55932"},"modified":"2023-06-01T19:22:36","modified_gmt":"2023-06-02T00:22:36","slug":"por-caso-nochixtlan-ni-cue-ni-ex-titular-de-ssp-son-investigados","status":"publish","type":"post","link":"https:\/\/zonaroja.com.mx\/?p=55932","title":{"rendered":"Por caso Nochixtl\u00e1n, ni Cu\u00e9 ni ex titular de SSP son investigados"},"content":{"rendered":"\n<p>Yuridiana Sosa\/Zona Roja.<\/p>\n\n\n\n<p>Oaxaca de Ju\u00e1rez,Oax., a 1 de junio de 2023.- A siete a\u00f1o de la represi\u00f3n y asesinato de civiles en Nochixtl\u00e1n por parte de la Polic\u00eda Estatal y la Federal, el caso sigue impune, sin garant\u00edas de justicia sobre los cinco elementos detenidos y sin investigaciones con el ex gobernador Gabino Cu\u00e9 y el ex titular de la Secretar\u00eda de Seguridad P\u00fablica, Jorge Alberto Ruiz Mart\u00ednez.<\/p>\n\n\n\n<p>El Comit\u00e9 de V\u00edctimas \u201cPor Justicia y Verdad19 de Junio\u201d se\u00f1al\u00f3 en conferencia de prensa que existe una total apat\u00eda y omisi\u00f3n del gobierno mexicano para abordar este hecho como un asunto de estado, pues sobre la cadena principal de mando del orden federal&nbsp; y estatal sigue impune.<\/p>\n\n\n\n<p>Las v\u00edctimas directas e indirectas de la masacre sentenciaron que no basta con el proceso penal contra cinco mandos policiales, pues a\u00fan no existe sentencia condenatoria, mientras que el elemento que dispar\u00f3 desde el puente se encuentra pr\u00f3fugo.<\/p>\n\n\n\n<p>Los procesados y en prisi\u00f3n preventiva se encuentran el ex comisionado de la Polic\u00eda Estatal, Froyl\u00e1n C. C.&nbsp; y Juan Peralta A., ex comandante de la Polic\u00eda Estatal, quienes junto con tres elementos de la polic\u00eda federal son acusados de homicidio calificado y lesiones calificadas por disparo de arma de fuego.<\/p>\n\n\n\n<p>Sin embargo, no existe proceso contra las autoridades de Oaxaca y del gobierno federal que por participaci\u00f3n u omisi\u00f3n en el suceso tambi\u00e9n pudieran ser responsables de los hechos en el que murieron seis civiles y hubo cientos de heridos, m\u00e1s de 80 de ellos por disparos de armas de fuego contra quienes se manifestaron con un bloqueo contra la reforma educativa.<\/p>\n\n\n\n<figure class=\"wp-block-embed is-type-rich is-provider-twitter wp-block-embed-twitter\"><div class=\"wp-block-embed__wrapper\">\n<div class=\"twitter-tweet\"><blockquote class=\"twitter-tweet\" data-lang=\"es\"><p lang=\"es\" dir=\"ltr\">Ning\u00fan mando de primer nivel es enjuiciado por la masacre de Nochixtl\u00e1n en 2016.<br>El Comit\u00e9 de V\u00edctimas \u201c19 de Junio\u201d prepara una serie de protestas, que incluye una caravana motorizada a la Ciudad de M\u00e9xico. <br>Aqu\u00ed los detalles: <a href=\"https:\/\/t.co\/VT9AWqO2cW\">pic.twitter.com\/VT9AWqO2cW<\/a><\/p>&mdash; Zona Roja Oaxaca (@ZonaRoja_Oaxaca) <a href=\"https:\/\/twitter.com\/ZonaRoja_Oaxaca\/status\/1664327706044162048?ref_src=twsrc%5Etfw\">1 de junio de 2023<\/a><\/blockquote><\/div>\n<\/div><\/figure>\n\n\n\n<p>JORNADA CONMEMORATIVA<\/p>\n\n\n\n<p>Para conmemorar el s\u00e9ptimo aniversario del desalojo y ataque policiaco, el Comit\u00e9 de V\u00edctimas \u201c19 de Junio\u201d de Nochixtl\u00e1n, organizaciones sociales y la Secci\u00f3n 22 del Sindicato Nacional de Trabajadores de la Educaci\u00f3n (SNTE) se movilizar\u00e1n desde el 14 de junio en Oaxaca y Ciudad de M\u00e9xico.<\/p>\n\n\n\n<p>El pr\u00f3ximo mi\u00e9rcoles 14 de junio arranca en Oaxaca una caravana motorizada para la Ciudad de M\u00e9xico; en su paso, realizar\u00e1 una escala en Nochixtl\u00e1n donde realizar\u00e1 una marcha representativa.<\/p>\n\n\n\n<p>Al d\u00eda siguiente har\u00e1n presencia en Palacio de Gobierno de la Ciudad de M\u00e9xico y posteriormente se desplazar\u00e1n a la Comisi\u00f3n Nacional de Derechos Humanos, donde esperan ser recibidos en una mesa de di\u00e1logo para el cumplimiento de las recomendaciones.<\/p>\n\n\n\n<p>El Comit\u00e9 se\u00f1al\u00f3 que de parte del actual gobierno de M\u00e9xico no han tenido mesas de di\u00e1logo de alto nivel, sin embargo, antes del ofrecimiento de disculpas p\u00fablicas las v\u00edctimas exigen justicia y castigo a los culpables.<\/p>\n\n\n\n<p>Las actividades continuar\u00e1n el 18 de junio con el foro \u201cUso excesivo de la fuerza p\u00fablica en M\u00e9xico\u201d, desde Tlatelolco hasta Nochixtl\u00e1n; y el 19 de junio una marcha masiva en Asunci\u00f3n Nochixtl\u00e1n.<\/p>\n","protected":false},"excerpt":{"rendered":"<p>Yuridiana Sosa\/Zona Roja. Oaxaca de Ju\u00e1rez,Oax., a 1 de junio de 2023.- A siete a\u00f1o&hellip;<\/p>\n","protected":false},"author":2,"featured_media":55937,"comment_status":"closed","ping_status":"open","sticky":false,"template":"","format":"standard","meta":{"_lmt_disableupdate":"","_lmt_disable":"","_jetpack_memberships_contains_paid_content":false,"footnotes":""},"categories":[109,47],"tags":[249],"class_list":["post-55932","post","type-post","status-publish","format-standard","has-post-thumbnail","hentry","category-minuto-a-minuto","category-zona-gris","tag-comite-de-victimas-nochixtlan"],"jetpack_featured_media_url":"https:\/\/zonaroja.com.mx\/wp-content\/uploads\/2023\/06\/Conferencia-victimas-Nochixtlan.jpg","jetpack_sharing_enabled":true,"_links":{"self":[{"href":"https:\/\/zonaroja.com.mx\/index.php?rest_route=\/wp\/v2\/posts\/55932","targetHints":{"allow":["GET"]}}],"collection":[{"href":"https:\/\/zonaroja.com.mx\/index.php?rest_route=\/wp\/v2\/posts"}],"about":[{"href":"https:\/\/zonaroja.com.mx\/index.php?rest_route=\/wp\/v2\/types\/post"}],"author":[{"embeddable":true,"href":"https:\/\/zonaroja.com.mx\/index.php?rest_route=\/wp\/v2\/users\/2"}],"replies":[{"embeddable":true,"href":"https:\/\/zonaroja.com.mx\/index.php?rest_route=%2Fwp%2Fv2%2Fcomments&post=55932"}],"version-history":[{"count":1,"href":"https:\/\/zonaroja.com.mx\/index.php?rest_route=\/wp\/v2\/posts\/55932\/revisions"}],"predecessor-version":[{"id":55938,"href":"https:\/\/zonaroja.com.mx\/index.php?rest_route=\/wp\/v2\/posts\/55932\/revisions\/55938"}],"wp:featuredmedia":[{"embeddable":true,"href":"https:\/\/zonaroja.com.mx\/index.php?rest_route=\/wp\/v2\/media\/55937"}],"wp:attachment":[{"href":"https:\/\/zonaroja.com.mx\/index.php?rest_route=%2Fwp%2Fv2%2Fmedia&parent=55932"}],"wp:term":[{"taxonomy":"category","embeddable":true,"href":"https:\/\/zonaroja.com.mx\/index.php?rest_route=%2Fwp%2Fv2%2Fcategories&post=55932"},{"taxonomy":"post_tag","embeddable":true,"href":"https:\/\/zonaroja.com.mx\/index.php?rest_route=%2Fwp%2Fv2%2Ftags&post=55932"}],"curies":[{"name":"wp","href":"https:\/\/api.w.org\/{rel}","templated":true}]}}