{"id":55939,"date":"2023-06-01T19:26:26","date_gmt":"2023-06-02T00:26:26","guid":{"rendered":"http:\/\/www.zonaroja.com.mx\/?p=55939"},"modified":"2023-06-01T19:26:28","modified_gmt":"2023-06-02T00:26:28","slug":"ambulantes-priistas-defienden-a-martinez-neri-de-hostigamientos-de-diputada-de-morena","status":"publish","type":"post","link":"https:\/\/zonaroja.com.mx\/?p=55939","title":{"rendered":"Ambulantes priistas defienden a Mart\u00ednez Neri de hostigamientos de diputada de Morena\u00a0"},"content":{"rendered":"\n<p>Yuridiana Sosa\/Zona Roja.<\/p>\n\n\n\n<p>Oaxaca de Ju\u00e1rez, Oax., a 1 de junio de 2023.- Comerciantes informales de la capital oaxaque\u00f1a se manifestaron en rechazo a los exhortos de la diputada de Morena, Hayde\u00e9 Reyes Soto, al ayuntamiento, que van contra el ambulantaje, y respaldaron al edil, Francisco Mart\u00ednez Neri, de su decisi\u00f3n de brindar espacios de venta para cientos de familias que dependen de esta actividad.<\/p>\n\n\n\n<p>Con pancartas, los comerciantes encabezados por las lideresas priistas Yolanda Ortega y Carmela Luj\u00e1n, protestaron en sesi\u00f3n de Cabildo de este jueves, y posteriormente, fijaron su postura ante el llamado desde el Congreso de Oaxaca, a propuesta de Reyes Soto, para que no se permiten m\u00e1s puestos en el Parque \u201cJu\u00e1rez\u201d el Llano.<\/p>\n\n\n\n<p>\u201cConstantemente la diputada est\u00e1 metiendo exhortos al municipio para que ya no se nos respeten nuestros espacios en la ciudad\u201d, se\u00f1al\u00f3 Yolanda Ortega, quien tambi\u00e9n demand\u00f3 al Cabildo ignorar esos exhortos.<\/p>\n\n\n\n<figure class=\"wp-block-embed is-type-rich is-provider-twitter wp-block-embed-twitter\"><div class=\"wp-block-embed__wrapper\">\n<div class=\"twitter-tweet\"><blockquote class=\"twitter-tweet\" data-lang=\"es\"><p lang=\"es\" dir=\"ltr\">Lideresas priistas del ambulantaje, Yolanda Ortega y Carmela Luj\u00e1n, encabezan protesta en la sesi\u00f3n del Cabildo del <a href=\"https:\/\/twitter.com\/MunicipioOaxaca?ref_src=twsrc%5Etfw\">@MunicipioOaxaca<\/a> contra la diputada por Morena, Hayde\u00e9 Reyes Soto, por sus exhortos en el <a href=\"https:\/\/twitter.com\/CongresoOaxaca_?ref_src=twsrc%5Etfw\">@CongresoOaxaca_<\/a>\u2026 y en apoyo al edil morenista <a href=\"https:\/\/twitter.com\/FMartinezNeri?ref_src=twsrc%5Etfw\">@FMartinezNeri<\/a>. <a href=\"https:\/\/t.co\/uteqdvvhOu\">pic.twitter.com\/uteqdvvhOu<\/a><\/p>&mdash; Zona Roja Oaxaca (@ZonaRoja_Oaxaca) <a href=\"https:\/\/twitter.com\/ZonaRoja_Oaxaca\/status\/1664352351426162688?ref_src=twsrc%5Etfw\">1 de junio de 2023<\/a><\/blockquote><\/div>\n<\/div><\/figure>\n\n\n\n<p>\u201cFuera hostigadores del municipio de Oaxaca\u201d, \u201cFuera la vividora Hayd\u00e9e Reyes\u201d, \u201cComo la diputada Hayde\u00e9 solo estira la mano, no sabe c\u00f3mo se gana la vida un comerciante\u201d, \u201cYa se te olvid\u00f3 cuando pediste el voto, nosotros somos pueblo\u201d, expresaron los vendedores.<\/p>\n\n\n\n<p>Defendieron su actividad argumentando que la falta de empleos formales bien remunerados en la capital orilla a la poblaci\u00f3n al comercio por su propia cuenta y desde la v\u00eda p\u00fablica.<\/p>\n\n\n\n<p>Fue durante la sesi\u00f3n de la 65 Legislatura del Congreso de Oaxaca, de este mi\u00e9rcoles, que Reyes Soto propuso el llamado a Mart\u00ednez Neri para que evite el crecimiento exponencial y no otorgue \u201cni un permiso m\u00e1s\u201d en el parque Ju\u00e1rez \u201cEl Llano\u201d.<\/p>\n\n\n\n<p>El exhorto tambi\u00e9n demand\u00f3 a la autoridad municipal inspecci\u00f3n, vigilancia y mantenimiento en ese espacio p\u00fablico, donde se debe garantizar la seguridad y el libre tr\u00e1nsito a la ciudadan\u00eda.<\/p>\n\n\n\n<figure class=\"wp-block-embed is-type-rich is-provider-twitter wp-block-embed-twitter\"><div class=\"wp-block-embed__wrapper\">\n<div class=\"twitter-tweet\"><blockquote class=\"twitter-tweet\" data-lang=\"es\"><p lang=\"es\" dir=\"ltr\">\u00a1Otra vez! Desde el <a href=\"https:\/\/twitter.com\/CongresoOaxaca_?ref_src=twsrc%5Etfw\">@CongresoOaxaca_<\/a> exhortar\u00e1n al edil morenista <a href=\"https:\/\/twitter.com\/FMartinezNeri?ref_src=twsrc%5Etfw\">@FMartinezNeri<\/a> por las malas condiciones del parque \u201cEl Llano\u201d de la capital, y para que se evite la instalaci\u00f3n de m\u00e1s puestos ambulantes. <br>La propuesta es de la diputada por Morena, Hayde\u00e9 Reyes Soto: <a href=\"https:\/\/t.co\/hr4ZTtjUtT\">pic.twitter.com\/hr4ZTtjUtT<\/a><\/p>&mdash; Zona Roja Oaxaca (@ZonaRoja_Oaxaca) <a href=\"https:\/\/twitter.com\/ZonaRoja_Oaxaca\/status\/1664289302304505856?ref_src=twsrc%5Etfw\">1 de junio de 2023<\/a><\/blockquote><\/div>\n<\/div><\/figure>\n","protected":false},"excerpt":{"rendered":"<p>Yuridiana Sosa\/Zona Roja. Oaxaca de Ju\u00e1rez, Oax., a 1 de junio de 2023.- Comerciantes informales&hellip;<\/p>\n","protected":false},"author":2,"featured_media":55936,"comment_status":"closed","ping_status":"open","sticky":false,"template":"","format":"standard","meta":{"_lmt_disableupdate":"","_lmt_disable":"","_jetpack_memberships_contains_paid_content":false,"footnotes":""},"categories":[109,47],"tags":[2418],"class_list":["post-55939","post","type-post","status-publish","format-standard","has-post-thumbnail","hentry","category-minuto-a-minuto","category-zona-gris","tag-francisco-martinez-neri"],"jetpack_featured_media_url":"https:\/\/zonaroja.com.mx\/wp-content\/uploads\/2023\/06\/Protesta-ambulantes-Cabildo-Oaxaca-contra-Haydee-Reyes.jpg","jetpack_sharing_enabled":true,"_links":{"self":[{"href":"https:\/\/zonaroja.com.mx\/index.php?rest_route=\/wp\/v2\/posts\/55939","targetHints":{"allow":["GET"]}}],"collection":[{"href":"https:\/\/zonaroja.com.mx\/index.php?rest_route=\/wp\/v2\/posts"}],"about":[{"href":"https:\/\/zonaroja.com.mx\/index.php?rest_route=\/wp\/v2\/types\/post"}],"author":[{"embeddable":true,"href":"https:\/\/zonaroja.com.mx\/index.php?rest_route=\/wp\/v2\/users\/2"}],"replies":[{"embeddable":true,"href":"https:\/\/zonaroja.com.mx\/index.php?rest_route=%2Fwp%2Fv2%2Fcomments&post=55939"}],"version-history":[{"count":1,"href":"https:\/\/zonaroja.com.mx\/index.php?rest_route=\/wp\/v2\/posts\/55939\/revisions"}],"predecessor-version":[{"id":55940,"href":"https:\/\/zonaroja.com.mx\/index.php?rest_route=\/wp\/v2\/posts\/55939\/revisions\/55940"}],"wp:featuredmedia":[{"embeddable":true,"href":"https:\/\/zonaroja.com.mx\/index.php?rest_route=\/wp\/v2\/media\/55936"}],"wp:attachment":[{"href":"https:\/\/zonaroja.com.mx\/index.php?rest_route=%2Fwp%2Fv2%2Fmedia&parent=55939"}],"wp:term":[{"taxonomy":"category","embeddable":true,"href":"https:\/\/zonaroja.com.mx\/index.php?rest_route=%2Fwp%2Fv2%2Fcategories&post=55939"},{"taxonomy":"post_tag","embeddable":true,"href":"https:\/\/zonaroja.com.mx\/index.php?rest_route=%2Fwp%2Fv2%2Ftags&post=55939"}],"curies":[{"name":"wp","href":"https:\/\/api.w.org\/{rel}","templated":true}]}}