{"id":5594,"date":"2019-11-09T21:57:50","date_gmt":"2019-11-10T03:57:50","guid":{"rendered":"http:\/\/www.zonaroja.com.mx\/?p=5594"},"modified":"2019-11-09T21:57:52","modified_gmt":"2019-11-10T03:57:52","slug":"resurge-violencia-en-tlacolula-titular-de-sspo-ordena-usar-gas-lacrimogeno","status":"publish","type":"post","link":"https:\/\/zonaroja.com.mx\/?p=5594","title":{"rendered":"Resurge violencia en Tlacolula; titular de SSPO ordena usar gas lacrim\u00f3geno"},"content":{"rendered":"\n<p>Redacci\u00f3n\/Zona\nRoja.<\/p>\n\n\n\n<p>Oaxaca de\nJu\u00e1rez, Oax., 9 de noviembre de 2019.- \u201cNos estaban atacando con piedras y\ncohetones, la forma que tuvimos de obligar a las personas a que dejaran de\nhacerlo fue as\u00ed.<\/p>\n\n\n\n<p>\u201cCr\u00e9ame\nque es la \u00faltima de las instancias que queremos usar, yo personalmente di la\norden, yo estaba aqu\u00ed y est\u00e1bamos siendo replegados y a tomar una posici\u00f3n, yo\ndi la orden, que as\u00ed fuera.<\/p>\n\n\n\n<p>\u201cNo lastimamos a nadie, ellos intentaron incendiar patrullas, un veh\u00edculo, fuimos nuevamente atacados como Polic\u00eda Estatal\u201d, justific\u00f3 el secretario de Seguridad P\u00fablica de Oaxaca, Ra\u00fal Ernesto Salcedo, al utilizar gas lacrim\u00f3geno contra manifestantes en Tlacolula de Matamoros.<\/p>\n\n\n\n<figure class=\"wp-block-embed-twitter wp-block-embed is-type-rich is-provider-twitter\"><div class=\"wp-block-embed__wrapper\">\n<div class=\"twitter-tweet\"><blockquote class=\"twitter-tweet\" data-lang=\"es\"><p lang=\"es\" dir=\"ltr\"><a href=\"https:\/\/twitter.com\/hashtag\/OaxacaRojo?src=hash&amp;ref_src=twsrc%5Etfw\">#OaxacaRojo<\/a><br>Este es el momento en que la <a href=\"https:\/\/twitter.com\/Policia_GobOax?ref_src=twsrc%5Etfw\">@Policia_GobOax<\/a> dispara cartuchos de gas lacrim\u00f3geno para dispersar a quienes se enfrentan en Tlacolula de Matamoros, al resurgir esta noche la disputa por escuelas. <a href=\"https:\/\/t.co\/t2juNzfGBv\">pic.twitter.com\/t2juNzfGBv<\/a><\/p>&mdash; Zona Roja Oaxaca (@MexRoja) <a href=\"https:\/\/twitter.com\/MexRoja\/status\/1193333519465897984?ref_src=twsrc%5Etfw\">10 de noviembre de 2019<\/a><\/blockquote><\/div>\n<\/div><\/figure>\n\n\n\n<p>Y es que\nla noche de este s\u00e1bado resurgi\u00f3 la violencia en dicho municipio, por la\ndisputa de un edificio escolar que alberga dos primarias, la \u201cPresidente L\u00f3pez\nMateos\u201d y la \u201cSor Juana In\u00e9s de la Cruz\u201d, resguardadas desde el interior por\npadres de familia y maestros de la Secci\u00f3n 22 del SNTE.<\/p>\n\n\n\n<p>Alrededor\nde las siete de la noche, un grupo, presuntamente liderado por Concepci\u00f3n\nRobles Altamirano, Agust\u00edn Aguilar Chagoya, Pedro Zamora, entre otros \u2013seg\u00fan se\u00f1al\u00f3\nel magisterio en un comunicado&#8211;, atacaron a polic\u00edas y a quienes se\nencontraban en el interior del plantel, ubicado en la calle 2 de Abril y\navenida Ju\u00e1rez.<\/p>\n\n\n\n<p>En\nrespuesta, la Polic\u00eda Estatal intent\u00f3 disuadirlos pero recibieron m\u00e1s\nagresiones con palos, piedras y cohetes, ante lo cual tuvieron que lanzar\ncartuchos de gas lacrim\u00f3geno.<\/p>\n\n\n\n<p>Los\nmanifestantes respondieron con la quema de llantas y da\u00f1os a patrullas y un\nveh\u00edculo particular; con la llegada de refuerzos, incluyendo elementos del\nEj\u00e9rcito Mexicano, la situaci\u00f3n fue controlada.<\/p>\n\n\n\n<p>El saldo, de acuerdo con el titular de la Secretar\u00eda de Seguridad P\u00fablica, fue de al menos cuatro polic\u00edas lesionados y dos personas detenidas. Hasta esta noche, la tensi\u00f3n prevalece en la zona.<\/p>\n\n\n\n<figure class=\"wp-block-embed-twitter wp-block-embed is-type-rich is-provider-twitter\"><div class=\"wp-block-embed__wrapper\">\n<div class=\"twitter-tweet\"><blockquote class=\"twitter-tweet\" data-lang=\"es\"><p lang=\"es\" dir=\"ltr\">SECCI\u00d3N XXII REPUDIA LA VIOLENCIA DEL PSEUDO COMIT\u00c9 REPRESENTATIVO DE TLACOLULA <a href=\"https:\/\/t.co\/0YzSUMb9yj\">https:\/\/t.co\/0YzSUMb9yj<\/a><\/p>&mdash; Cencos22 (@Seccion22Cencos) <a href=\"https:\/\/twitter.com\/Seccion22Cencos\/status\/1193371545839775745?ref_src=twsrc%5Etfw\">10 de noviembre de 2019<\/a><\/blockquote><\/div>\n<\/div><\/figure>\n\n\n\n<p>Por su\nparte, la Secci\u00f3n 22 del SNTE emiti\u00f3 un comunicado, en que expuso que durante\nel transcurso de esta semana, los padres de familia que defienden la educaci\u00f3n\np\u00fablica de Tlacolula, \u201cmanifestaron que los actos de hostigamiento y\npersecuci\u00f3n fueron incrementando por los personajes que hoy arremetieron contra\nlos polic\u00edas estatales que resguardaban el espacio escolar.<\/p>\n\n\n\n<p>\u201cEste\npseudo comit\u00e9 maniobrado por Cony Robles y su grupo de choque integrado por\nAgust\u00edn Aguilar Chagoya, Pedro Zamora, Nobel Jim\u00e9nez, el pseudo licenciado\nJavier, Ren\u00e9 Chagoya, Violeta Balseca, Elio Morgan, Ulises Santiago, Alejandro\nSantiago, Vladimir Santiago, Francisco Quero y dem\u00e1s personeros que bajo\nintereses personales siguen provocando disturbios en la comunidad a fin de\nobtener prebendas a partir del conflicto que inici\u00f3 el Edil de Tlacolula Carlos\nLe\u00f3n Monterrubio.<\/p>\n\n\n\n<p>\u201cAnte el\naumento de los actos vand\u00e1licos que estos personajes causan contra el recinto\nescolar poniendo en riesgo la integridad f\u00edsica y psicol\u00f3gica de los padres de\nfamilia de las escuelas primarias, la Secci\u00f3n 22 exige al Gobierno del Estado\nla inmediata soluci\u00f3n del conflicto y la sanci\u00f3n correspondiente a quienes\nincitaron la quema de los cimientos de las aulas en reconstrucci\u00f3n y la\ndestrucci\u00f3n de los bienes\u201d, difundi\u00f3.<\/p>\n\n\n\n<p>Reiter\u00f3\nque las escuelas \u201cPresidente L\u00f3pez Mateos\u201d y \u201cSor Juana In\u00e9s de la Cruz\u201d deben\ncontinuar su proceso de reconstrucci\u00f3n en el mismo espacio que han ocupado por\nm\u00e1s de 60 a\u00f1os, \u201cno aceptaremos la reubicaci\u00f3n escolar por intereses\ncomerciales y personales de un disminuido grupo que dice representar a\nTlacolula\u201d.<\/p>\n","protected":false},"excerpt":{"rendered":"<p>Redacci\u00f3n\/Zona Roja. Oaxaca de Ju\u00e1rez, Oax., 9 de noviembre de 2019.- \u201cNos estaban atacando con&hellip;<\/p>\n","protected":false},"author":2,"featured_media":5595,"comment_status":"closed","ping_status":"open","sticky":false,"template":"","format":"standard","meta":{"_lmt_disableupdate":"","_lmt_disable":"","_jetpack_memberships_contains_paid_content":false,"footnotes":""},"categories":[109,47],"tags":[127],"class_list":["post-5594","post","type-post","status-publish","format-standard","has-post-thumbnail","hentry","category-minuto-a-minuto","category-zona-gris","tag-tlacolula-de-matamoros"],"jetpack_featured_media_url":"https:\/\/zonaroja.com.mx\/wp-content\/uploads\/2019\/11\/d9d9f397-e465-4c4d-aee8-5a7d756687e5.jpg","jetpack_sharing_enabled":true,"_links":{"self":[{"href":"https:\/\/zonaroja.com.mx\/index.php?rest_route=\/wp\/v2\/posts\/5594","targetHints":{"allow":["GET"]}}],"collection":[{"href":"https:\/\/zonaroja.com.mx\/index.php?rest_route=\/wp\/v2\/posts"}],"about":[{"href":"https:\/\/zonaroja.com.mx\/index.php?rest_route=\/wp\/v2\/types\/post"}],"author":[{"embeddable":true,"href":"https:\/\/zonaroja.com.mx\/index.php?rest_route=\/wp\/v2\/users\/2"}],"replies":[{"embeddable":true,"href":"https:\/\/zonaroja.com.mx\/index.php?rest_route=%2Fwp%2Fv2%2Fcomments&post=5594"}],"version-history":[{"count":1,"href":"https:\/\/zonaroja.com.mx\/index.php?rest_route=\/wp\/v2\/posts\/5594\/revisions"}],"predecessor-version":[{"id":5596,"href":"https:\/\/zonaroja.com.mx\/index.php?rest_route=\/wp\/v2\/posts\/5594\/revisions\/5596"}],"wp:featuredmedia":[{"embeddable":true,"href":"https:\/\/zonaroja.com.mx\/index.php?rest_route=\/wp\/v2\/media\/5595"}],"wp:attachment":[{"href":"https:\/\/zonaroja.com.mx\/index.php?rest_route=%2Fwp%2Fv2%2Fmedia&parent=5594"}],"wp:term":[{"taxonomy":"category","embeddable":true,"href":"https:\/\/zonaroja.com.mx\/index.php?rest_route=%2Fwp%2Fv2%2Fcategories&post=5594"},{"taxonomy":"post_tag","embeddable":true,"href":"https:\/\/zonaroja.com.mx\/index.php?rest_route=%2Fwp%2Fv2%2Ftags&post=5594"}],"curies":[{"name":"wp","href":"https:\/\/api.w.org\/{rel}","templated":true}]}}