{"id":55941,"date":"2023-06-01T20:26:00","date_gmt":"2023-06-02T01:26:00","guid":{"rendered":"http:\/\/www.zonaroja.com.mx\/?p=55941"},"modified":"2023-06-01T19:30:19","modified_gmt":"2023-06-02T00:30:19","slug":"niega-neri-dialogo-a-policias-municipales-titular-de-seguridad-publica-mantiene-hostigamiento","status":"publish","type":"post","link":"https:\/\/zonaroja.com.mx\/?p=55941","title":{"rendered":"Niega Neri di\u00e1logo a polic\u00edas municipales; titular de Seguridad P\u00fablica mantiene hostigamiento"},"content":{"rendered":"\n<p>Yuridiana Sosa\/Zona Roja.<\/p>\n\n\n\n<p>Oaxaca de Ju\u00e1rez, Oax., a 1 de junio de 2023.- El hostigamiento y violaciones a derechos laborales incrementan en la Polic\u00eda Municipal de Oaxaca de Ju\u00e1rez por parte del secretario de Seguridad P\u00fablica, Ra\u00fal \u00c1vila Ibarra, al tiempo que el edil, Francisco Mart\u00ednez Neri, niega el di\u00e1logo a los elementos y atender sus demandas, denunciaron los afectados.<\/p>\n\n\n\n<p>La corporaci\u00f3n -representada por el abogado interno, Alfonso Santos Le\u00f3n y Marco Antonio Miguel Santiago, polic\u00eda del \u00e1rea Jur\u00eddica- demanda soluci\u00f3n a los despidos irregulares de 40 elementos y la jubilaci\u00f3n de m\u00e1s de un centenar de uniformados que ya cumplieron m\u00e1s de 25 a\u00f1os de servicios.<\/p>\n\n\n\n<p>Sin embargo, de parte de parte de \u00c1vila Ibarra s\u00f3lo han recibido represi\u00f3n por sus quejas de manera p\u00fablica y por escrito al Cabildo, pues ahora orden\u00f3 a los elementos reportar su ubicaci\u00f3n y actividades cada hora, destac\u00f3 el abogado interno, Alfonso Santos Le\u00f3n, quien aclar\u00f3 que la protestas realizada la semana pasada durante sesi\u00f3n de Cabildo fue en su periodo vacacional, por lo que no abandon\u00f3 sus labores.<\/p>\n\n\n\n<p>Pero la situaci\u00f3n se agrava, apuntaron los representantes, pues el presidente municipal se neg\u00f3 a recibirlos el lunes a pesar de la cita que hab\u00edan agendado, argumentando que \u00e9l no atiende a manifestantes, de acuerdo a la respuesta otorgada por el Consejero Jur\u00eddico, Dagoberto Carre\u00f1o Gopar.<\/p>\n\n\n\n<p>Santos Le\u00f3n se\u00f1al\u00f3 que, ante la falta de atenci\u00f3n del edil, hicieron de conocimiento de los hechos y de sus demandas a cada integrante del Cabildo, as\u00ed como al gobernador Salom\u00f3n Jara, a quien tambi\u00e9n demandaron su intervenci\u00f3n.<\/p>\n\n\n\n<figure class=\"wp-block-embed is-type-rich is-provider-twitter wp-block-embed-twitter\"><div class=\"wp-block-embed__wrapper\">\n<div class=\"twitter-tweet\"><blockquote class=\"twitter-tweet\" data-lang=\"es\"><p lang=\"es\" dir=\"ltr\"><a href=\"https:\/\/twitter.com\/hashtag\/%C3%9AltimoMinito?src=hash&amp;ref_src=twsrc%5Etfw\">#\u00daltimoMinito<\/a><br>Por segunda semana, protestan polic\u00edas municipales de <a href=\"https:\/\/twitter.com\/hashtag\/Oaxaca?src=hash&amp;ref_src=twsrc%5Etfw\">#Oaxaca<\/a> de Ju\u00e1rez.<br>Reiteran exigencia de renuncia del secretario Ra\u00fal \u00c1vila Ibarra, pero \u00e9ste respondi\u00f3 con actos de represi\u00f3n, se\u00f1alan. <a href=\"https:\/\/t.co\/NoArI1Zw1B\">pic.twitter.com\/NoArI1Zw1B<\/a><\/p>&mdash; Zona Roja Oaxaca (@ZonaRoja_Oaxaca) <a href=\"https:\/\/twitter.com\/ZonaRoja_Oaxaca\/status\/1664343433883054080?ref_src=twsrc%5Etfw\">1 de junio de 2023<\/a><\/blockquote><\/div>\n<\/div><\/figure>\n\n\n\n<p>De ser necesario, tambi\u00e9n acudir\u00e1n a la Comisi\u00f3n Nacional de Derechos Humanos (CNDH) y a la Secretar\u00eda de Seguridad P\u00fablica y Protecci\u00f3n Ciudadana del orden federal.<\/p>\n\n\n\n<p>Por lo que apuntaron que los actos cometidos en su contra por parte de Ra\u00fal \u00c1vila no inhibir\u00e1n al movimiento de la corporaci\u00f3n que s\u00f3lo busca el respeto de sus derechos laborales, a los que se suman mejores condiciones de trabajo.<\/p>\n\n\n\n<p>SIGUEN PROTESTAS<\/p>\n\n\n\n<p>El presidente municipal, Francisco Mart\u00ednez Neri, tambi\u00e9n enga\u00f1\u00f3 con una reuni\u00f3n al grupo de mujeres triquis que lidera Lorena Merino, quienes, desde hace dos meses, de forma diaria, se han manifestado en Palacio Municipal para demandar una mesa de di\u00e1logo.<\/p>\n\n\n\n<p>La dirigente del grupo indic\u00f3 que s\u00f3lo piden al ayuntamiento espacios para que puedan vender sus productos, actividad que es su principal fuente de ingresos, sin embargo, ha pospuesto desde hace varios d\u00edas la supuesta reuni\u00f3n.<\/p>\n\n\n\n<p>Por tal motivo, este jueves volvieron a instalar su manifestaci\u00f3n en el acceso principal del palacio municipal, desde donde advirtieron que de no contar con espacios pronto van a manifestarse durante las fiestas de Guelaguetza, pues mientras a ellas les niegan espacios la invasi\u00f3n de calles crece de forma desmedida por vendedores sin permiso.<\/p>\n\n\n\n<figure class=\"wp-block-embed is-type-rich is-provider-twitter wp-block-embed-twitter\"><div class=\"wp-block-embed__wrapper\">\n<div class=\"twitter-tweet\"><blockquote class=\"twitter-tweet\" data-lang=\"es\"><p lang=\"es\" dir=\"ltr\"><a href=\"https:\/\/twitter.com\/hashtag\/%C3%9AltimoMinuto?src=hash&amp;ref_src=twsrc%5Etfw\">#\u00daltimoMinuto<\/a><br>Tambi\u00e9n las triquis del grupo de Lorena Merino no fueron atendidas por el edil <a href=\"https:\/\/twitter.com\/FMartinezNeri?ref_src=twsrc%5Etfw\">@FMartinezNeri<\/a>, como se comprometi\u00f3 la semana pasada. <br>Reanudan protesta en el Palacio Municipal y, de persistir los enga\u00f1os, dice, protestar\u00e1n durante la Guelaguetza. <a href=\"https:\/\/t.co\/BcpOK26Rr8\">pic.twitter.com\/BcpOK26Rr8<\/a><\/p>&mdash; Zona Roja Oaxaca (@ZonaRoja_Oaxaca) <a href=\"https:\/\/twitter.com\/ZonaRoja_Oaxaca\/status\/1664346264346177536?ref_src=twsrc%5Etfw\">1 de junio de 2023<\/a><\/blockquote><\/div>\n<\/div><\/figure>\n","protected":false},"excerpt":{"rendered":"<p>Yuridiana Sosa\/Zona Roja. Oaxaca de Ju\u00e1rez, Oax., a 1 de junio de 2023.- El hostigamiento&hellip;<\/p>\n","protected":false},"author":2,"featured_media":55933,"comment_status":"closed","ping_status":"open","sticky":false,"template":"","format":"standard","meta":{"_lmt_disableupdate":"","_lmt_disable":"","_jetpack_memberships_contains_paid_content":false,"footnotes":""},"categories":[109,47],"tags":[2418],"class_list":["post-55941","post","type-post","status-publish","format-standard","has-post-thumbnail","hentry","category-minuto-a-minuto","category-zona-gris","tag-francisco-martinez-neri"],"jetpack_featured_media_url":"https:\/\/zonaroja.com.mx\/wp-content\/uploads\/2023\/06\/Conferencia-policias-despedidos.jpg","jetpack_sharing_enabled":true,"_links":{"self":[{"href":"https:\/\/zonaroja.com.mx\/index.php?rest_route=\/wp\/v2\/posts\/55941","targetHints":{"allow":["GET"]}}],"collection":[{"href":"https:\/\/zonaroja.com.mx\/index.php?rest_route=\/wp\/v2\/posts"}],"about":[{"href":"https:\/\/zonaroja.com.mx\/index.php?rest_route=\/wp\/v2\/types\/post"}],"author":[{"embeddable":true,"href":"https:\/\/zonaroja.com.mx\/index.php?rest_route=\/wp\/v2\/users\/2"}],"replies":[{"embeddable":true,"href":"https:\/\/zonaroja.com.mx\/index.php?rest_route=%2Fwp%2Fv2%2Fcomments&post=55941"}],"version-history":[{"count":1,"href":"https:\/\/zonaroja.com.mx\/index.php?rest_route=\/wp\/v2\/posts\/55941\/revisions"}],"predecessor-version":[{"id":55942,"href":"https:\/\/zonaroja.com.mx\/index.php?rest_route=\/wp\/v2\/posts\/55941\/revisions\/55942"}],"wp:featuredmedia":[{"embeddable":true,"href":"https:\/\/zonaroja.com.mx\/index.php?rest_route=\/wp\/v2\/media\/55933"}],"wp:attachment":[{"href":"https:\/\/zonaroja.com.mx\/index.php?rest_route=%2Fwp%2Fv2%2Fmedia&parent=55941"}],"wp:term":[{"taxonomy":"category","embeddable":true,"href":"https:\/\/zonaroja.com.mx\/index.php?rest_route=%2Fwp%2Fv2%2Fcategories&post=55941"},{"taxonomy":"post_tag","embeddable":true,"href":"https:\/\/zonaroja.com.mx\/index.php?rest_route=%2Fwp%2Fv2%2Ftags&post=55941"}],"curies":[{"name":"wp","href":"https:\/\/api.w.org\/{rel}","templated":true}]}}