{"id":55943,"date":"2023-06-01T22:09:33","date_gmt":"2023-06-02T03:09:33","guid":{"rendered":"http:\/\/www.zonaroja.com.mx\/?p=55943"},"modified":"2023-06-01T22:09:33","modified_gmt":"2023-06-02T03:09:33","slug":"asesinan-a-otra-mujer-en-oaxaca-piden-buscar-a-presunto-feminicida","status":"publish","type":"post","link":"https:\/\/zonaroja.com.mx\/?p=55943","title":{"rendered":"Asesinan a otra mujer en Oaxaca; piden buscar a presunto feminicida"},"content":{"rendered":"\n<p>Ismael Garc\u00eda M.\/Zona Roja.<\/p>\n\n\n\n<p>Oaxaca de Ju\u00e1rez, Oax., a 1 de junio de 2023.- El mes de junio inici\u00f3 en Oaxaca con un probable feminicidio.<\/p>\n\n\n\n<p>Ocurri\u00f3 la tarde de este jueves en un domicilio de la calle Emiliano Zapata, en la colonia Loma Linda de la capital del estado.<\/p>\n\n\n\n<p>Un sujeto, supuestamente la pareja de la v\u00edctima, identificado como \u00d3scar C. R., de 55 a\u00f1os de edad, asesin\u00f3 a Genoveva L. F., con varios disparos de arma de fuego, tras lo cual huy\u00f3.<\/p>\n\n\n\n<p>De inmediato, los familiares difundieron una fotograf\u00eda del probable agresor a fin de dar con su paradero.<\/p>\n\n\n\n<p>Mientras tanto, la Fiscal\u00eda General del Estado de Oaxaca inform\u00f3 que dio inicio a la Carpeta de Investigaci\u00f3n correspondiente por el delito de feminicidio y bajo los protocolos de perspectiva de g\u00e9nero.<\/p>\n\n\n\n<p>Indic\u00f3 que de inmediato intervino la Fiscal\u00eda Especializada para la Atenci\u00f3n a Delitos Contra la Mujer por Raz\u00f3n de G\u00e9nero, y se despleg\u00f3 personal multidisciplinario para realizar las primeras indagatorias.<\/p>\n\n\n\n<p>\u201cGracias a las primeras entrevistas e indagatorias, la FGEO logr\u00f3 establecer s\u00f3lidas l\u00edneas de investigaci\u00f3n que permiten focalizar los esfuerzos para dar con el paradero de quien resulte responsable\u201d, indic\u00f3 en un comunicado.<\/p>\n\n\n\n<figure class=\"wp-block-embed is-type-rich is-provider-twitter wp-block-embed-twitter\"><div class=\"wp-block-embed__wrapper\">\n<div class=\"twitter-tweet\"><blockquote class=\"twitter-tweet\" data-lang=\"es\"><p lang=\"es\" dir=\"ltr\"><a href=\"https:\/\/twitter.com\/hashtag\/%C3%9AltimoMinuto?src=hash&amp;ref_src=twsrc%5Etfw\">#\u00daltimoMinuto<\/a><br>\u00a1Otra vez! Cotidiana ola criminal alcanza a m\u00e1s mujeres en Oaxaca. <br>Reportan un feminicidio en la colonia Loma Linda, Ejido Guadalupe Victoria del municipio de <a href=\"https:\/\/twitter.com\/hashtag\/Oaxaca?src=hash&amp;ref_src=twsrc%5Etfw\">#Oaxaca<\/a> de Ju\u00e1rez. <br>El presunto autor ser\u00eda su pareja, seg\u00fan los familiares, de nombre \u00d3scar C. R. <a href=\"https:\/\/t.co\/4wrlEGfMJJ\">pic.twitter.com\/4wrlEGfMJJ<\/a><\/p>&mdash; Zona Roja Oaxaca (@ZonaRoja_Oaxaca) <a href=\"https:\/\/twitter.com\/ZonaRoja_Oaxaca\/status\/1664403005783916545?ref_src=twsrc%5Etfw\">1 de junio de 2023<\/a><\/blockquote><\/div>\n<\/div><\/figure>\n","protected":false},"excerpt":{"rendered":"<p>Ismael Garc\u00eda M.\/Zona Roja. Oaxaca de Ju\u00e1rez, Oax., a 1 de junio de 2023.- El&hellip;<\/p>\n","protected":false},"author":2,"featured_media":55944,"comment_status":"closed","ping_status":"open","sticky":false,"template":"","format":"standard","meta":{"_lmt_disableupdate":"","_lmt_disable":"","_jetpack_memberships_contains_paid_content":false,"footnotes":""},"categories":[109,51],"tags":[610,148],"class_list":["post-55943","post","type-post","status-publish","format-standard","has-post-thumbnail","hentry","category-minuto-a-minuto","category-zona-roja","tag-feminicidios-oaxaca","tag-oaxaca-de-juarez"],"jetpack_featured_media_url":"https:\/\/zonaroja.com.mx\/wp-content\/uploads\/2023\/06\/Asesinato-feminicido-ciudad-de-Oaxaca.jpg","jetpack_sharing_enabled":true,"_links":{"self":[{"href":"https:\/\/zonaroja.com.mx\/index.php?rest_route=\/wp\/v2\/posts\/55943","targetHints":{"allow":["GET"]}}],"collection":[{"href":"https:\/\/zonaroja.com.mx\/index.php?rest_route=\/wp\/v2\/posts"}],"about":[{"href":"https:\/\/zonaroja.com.mx\/index.php?rest_route=\/wp\/v2\/types\/post"}],"author":[{"embeddable":true,"href":"https:\/\/zonaroja.com.mx\/index.php?rest_route=\/wp\/v2\/users\/2"}],"replies":[{"embeddable":true,"href":"https:\/\/zonaroja.com.mx\/index.php?rest_route=%2Fwp%2Fv2%2Fcomments&post=55943"}],"version-history":[{"count":1,"href":"https:\/\/zonaroja.com.mx\/index.php?rest_route=\/wp\/v2\/posts\/55943\/revisions"}],"predecessor-version":[{"id":55945,"href":"https:\/\/zonaroja.com.mx\/index.php?rest_route=\/wp\/v2\/posts\/55943\/revisions\/55945"}],"wp:featuredmedia":[{"embeddable":true,"href":"https:\/\/zonaroja.com.mx\/index.php?rest_route=\/wp\/v2\/media\/55944"}],"wp:attachment":[{"href":"https:\/\/zonaroja.com.mx\/index.php?rest_route=%2Fwp%2Fv2%2Fmedia&parent=55943"}],"wp:term":[{"taxonomy":"category","embeddable":true,"href":"https:\/\/zonaroja.com.mx\/index.php?rest_route=%2Fwp%2Fv2%2Fcategories&post=55943"},{"taxonomy":"post_tag","embeddable":true,"href":"https:\/\/zonaroja.com.mx\/index.php?rest_route=%2Fwp%2Fv2%2Ftags&post=55943"}],"curies":[{"name":"wp","href":"https:\/\/api.w.org\/{rel}","templated":true}]}}