{"id":55949,"date":"2023-06-02T07:40:05","date_gmt":"2023-06-02T12:40:05","guid":{"rendered":"http:\/\/www.zonaroja.com.mx\/?p=55949"},"modified":"2023-06-02T07:42:33","modified_gmt":"2023-06-02T12:42:33","slug":"caso-call-center-restos-humanos-hallados-en-zapopan-pertenecerian-a-jovenes","status":"publish","type":"post","link":"https:\/\/zonaroja.com.mx\/?p=55949","title":{"rendered":"Caso \u201ccall center\u201d: Restos humanos hallados en Zapopan pertenecer\u00edan a j\u00f3venes"},"content":{"rendered":"\n<p>Redacci\u00f3n\/Zona Roja Cdmx.<\/p>\n\n\n\n<p>Ciudad de M\u00e9xico, a 2 de junio de 2023.- La Fiscal\u00eda de Jalisco confirm\u00f3 este jueves 1 de junio que los restos encontrados en la colonia Mirador Escondido en Zapopan coinciden con caracter\u00edsticas de los ocho j\u00f3venes desaparecidos en un \u201ccall center\u201d de la zona metropolitana de Guadalajara.<\/p>\n\n\n\n<p>El \u00f3rgano se\u00f1al\u00f3 a trav\u00e9s de un comunicado que mantuvo una segunda reuni\u00f3n con la familia de las v\u00edctimas, en la que les inform\u00f3 que se encuentran en espera de que el Instituto Jalisciense de Ciencias Forenses emita los dict\u00e1menes correspondientes que confirmen la identidad de los cuerpos.<\/p>\n\n\n\n<p>\u201cLa extracci\u00f3n en dicha zona no ha culminado y se seguir\u00e1 con los trabajos hasta agotar por completo la recolecci\u00f3n de indicios, a\u00fan en condiciones complejas por la profundidad y la pendiente, con la participaci\u00f3n de diversas instituciones trabajando de manera coordinada\u201d, detall\u00f3 la Fiscal\u00eda del estado.<\/p>\n\n\n\n<p>El pasado 20 de mayo se inform\u00f3 sobre la primera desaparici\u00f3n de un joven: Carlos Benjam\u00edn Garc\u00eda, de 31 a\u00f1os. Poco despu\u00e9s, familiares de los hermanos Iztel Abigail y Carlos David Valladolid declaraban ante las autoridades que no sab\u00edan nada de su paradero.<\/p>\n\n\n\n<p>Los d\u00edas avanzaban igual que las desapariciones de personas; Arturo Robles, Jes\u00fas Alfredo, Mayra Karina, Jorge Vel\u00e1zquez y Juan Antonio, todos trabajadores de un \u201ccall center\u201d en Zapopan, fueron reportados al no conocer su paradero.<\/p>\n\n\n\n<p>Pero no fue hasta d\u00edas despu\u00e9s que las autoridades voltearon a ver el caso y comenzaron con un cateo al \u201ccall center\u201d, ubicado en calle V\u00edctor Hugo, en la colonia Jardines Vallarta, en Zapopan, a donde se iban varias de las v\u00edctimas.<\/p>\n\n\n\n<p>En el sitio se encontr\u00f3 marihuana, un trapeador con posible sangre, pizarrones, documentos de extranjeros y libretas con anotaciones. Sobre esto, la Fiscal\u00eda del estado inform\u00f3 que el sitio operaba ilegalmente.<\/p>\n\n\n\n<p>(Informaci\u00f3n de \u201cEl Financiero\u201d)<\/p>\n","protected":false},"excerpt":{"rendered":"<p>Redacci\u00f3n\/Zona Roja Cdmx. Ciudad de M\u00e9xico, a 2 de junio de 2023.- La Fiscal\u00eda de&hellip;<\/p>\n","protected":false},"author":2,"featured_media":55950,"comment_status":"closed","ping_status":"open","sticky":false,"template":"","format":"standard","meta":{"_lmt_disableupdate":"","_lmt_disable":"","_jetpack_memberships_contains_paid_content":false,"footnotes":""},"categories":[109,47],"tags":[3565],"class_list":["post-55949","post","type-post","status-publish","format-standard","has-post-thumbnail","hentry","category-minuto-a-minuto","category-zona-gris","tag-desaparecidos-jalisco"],"jetpack_featured_media_url":"https:\/\/zonaroja.com.mx\/wp-content\/uploads\/2023\/06\/Jovenes-desaparecidos-Jalisco-Call-center.jpeg","jetpack_sharing_enabled":true,"_links":{"self":[{"href":"https:\/\/zonaroja.com.mx\/index.php?rest_route=\/wp\/v2\/posts\/55949","targetHints":{"allow":["GET"]}}],"collection":[{"href":"https:\/\/zonaroja.com.mx\/index.php?rest_route=\/wp\/v2\/posts"}],"about":[{"href":"https:\/\/zonaroja.com.mx\/index.php?rest_route=\/wp\/v2\/types\/post"}],"author":[{"embeddable":true,"href":"https:\/\/zonaroja.com.mx\/index.php?rest_route=\/wp\/v2\/users\/2"}],"replies":[{"embeddable":true,"href":"https:\/\/zonaroja.com.mx\/index.php?rest_route=%2Fwp%2Fv2%2Fcomments&post=55949"}],"version-history":[{"count":1,"href":"https:\/\/zonaroja.com.mx\/index.php?rest_route=\/wp\/v2\/posts\/55949\/revisions"}],"predecessor-version":[{"id":55951,"href":"https:\/\/zonaroja.com.mx\/index.php?rest_route=\/wp\/v2\/posts\/55949\/revisions\/55951"}],"wp:featuredmedia":[{"embeddable":true,"href":"https:\/\/zonaroja.com.mx\/index.php?rest_route=\/wp\/v2\/media\/55950"}],"wp:attachment":[{"href":"https:\/\/zonaroja.com.mx\/index.php?rest_route=%2Fwp%2Fv2%2Fmedia&parent=55949"}],"wp:term":[{"taxonomy":"category","embeddable":true,"href":"https:\/\/zonaroja.com.mx\/index.php?rest_route=%2Fwp%2Fv2%2Fcategories&post=55949"},{"taxonomy":"post_tag","embeddable":true,"href":"https:\/\/zonaroja.com.mx\/index.php?rest_route=%2Fwp%2Fv2%2Ftags&post=55949"}],"curies":[{"name":"wp","href":"https:\/\/api.w.org\/{rel}","templated":true}]}}