{"id":55955,"date":"2023-06-02T11:30:00","date_gmt":"2023-06-02T16:30:00","guid":{"rendered":"http:\/\/www.zonaroja.com.mx\/?p=55955"},"modified":"2023-06-02T07:58:49","modified_gmt":"2023-06-02T12:58:49","slug":"suma-uabjo-actos-de-violencia-de-genero-ahora-es-por-acoso-sexual-del-abogado-general","status":"publish","type":"post","link":"https:\/\/zonaroja.com.mx\/?p=55955","title":{"rendered":"Suma UABJO actos de violencia de g\u00e9nero, ahora es por acoso sexual del abogado general"},"content":{"rendered":"\n<p>Yuridiana Sosa\/Zona Roja.<\/p>\n\n\n\n<p>Oaxaca de Juarez, Oax., a 2 de junio de 2023.- La Universidad Aut\u00f3noma \u201cBenito Ju\u00e1rez\u201d de Oaxaca, que dirige Cristian Carre\u00f1o L\u00f3pez, registra otro acto de violencia de g\u00e9nero por parte de sus funcionarios, ahora contra una trabajadora v\u00edctima de acoso sexual.<\/p>\n\n\n\n<p>El Colectivo Deudores Alimentarios Oaxaca denunci\u00f3 que el abogado general de la UABJO, Adolfo Demetrio G\u00f3mez Hern\u00e1ndez, fue denunciado ante la Fiscal\u00eda General de Oaxaca, por acoso sexual, lo cual qued\u00f3 asentado en la carpeta de investigaci\u00f3n 9542\/FMUJ\/USEX\/2023.<\/p>\n\n\n\n<p>G\u00f3mez Hern\u00e1ndez, quien ya fue notificado, \u201cpide sexo\u201d a cambio de que la v\u00edctima conserve su puesto de trabajo y ante la negativa, el hostigamiento se ha extendido por medio de sus subordinados.<\/p>\n\n\n\n<p>De acuerdo a la denuncia, la trabajadora de la UABJO pide \u201cque la dejen de molestar\u201d, pues ahora tambi\u00e9n es a trav\u00e9s de la secretaria Lorena Itzel L\u00f3pez Ju\u00e1rez, por ello no se siente segura en su centro de trabajo. \u201cQue me deje trabajar tranquila\u201d.<\/p>\n\n\n\n<p>Ante estos hechos, el grupo defensor de las mujeres exigi\u00f3 al rector Cristian Carre\u00f1o, dar un golpe en la mesa en estos casos de abuso contra las mujeres de parte de sus funcionarios.<\/p>\n\n\n\n<p>Recordaron que a este caso le antecede el del contralor General, Jhovany Cabrera Ramos, deudor alimentario, pero quien, adem\u00e1s, por medio de otros directivos sostiene agresiones contra la madre de su hijo, ex alumna de la UABJO.<\/p>\n\n\n\n<p>Como ocurri\u00f3 semanas atr\u00e1s, cuando el director de la Facultad de Contadur\u00eda, Mauro Francisco P\u00e9rez Carrasco, le negaron la inscripci\u00f3n a la v\u00edctima.<\/p>\n","protected":false},"excerpt":{"rendered":"<p>Yuridiana Sosa\/Zona Roja. Oaxaca de Juarez, Oax., a 2 de junio de 2023.- La Universidad&hellip;<\/p>\n","protected":false},"author":2,"featured_media":55956,"comment_status":"closed","ping_status":"open","sticky":false,"template":"","format":"standard","meta":{"_lmt_disableupdate":"","_lmt_disable":"","_jetpack_memberships_contains_paid_content":false,"footnotes":""},"categories":[109,47],"tags":[3566],"class_list":["post-55955","post","type-post","status-publish","format-standard","has-post-thumbnail","hentry","category-minuto-a-minuto","category-zona-gris","tag-adolfo-demetrio-gomez-hernandez"],"jetpack_featured_media_url":"https:\/\/zonaroja.com.mx\/wp-content\/uploads\/2023\/06\/Adolfo-Demetrio-Gomez-Hernandez.jpeg","jetpack_sharing_enabled":true,"_links":{"self":[{"href":"https:\/\/zonaroja.com.mx\/index.php?rest_route=\/wp\/v2\/posts\/55955","targetHints":{"allow":["GET"]}}],"collection":[{"href":"https:\/\/zonaroja.com.mx\/index.php?rest_route=\/wp\/v2\/posts"}],"about":[{"href":"https:\/\/zonaroja.com.mx\/index.php?rest_route=\/wp\/v2\/types\/post"}],"author":[{"embeddable":true,"href":"https:\/\/zonaroja.com.mx\/index.php?rest_route=\/wp\/v2\/users\/2"}],"replies":[{"embeddable":true,"href":"https:\/\/zonaroja.com.mx\/index.php?rest_route=%2Fwp%2Fv2%2Fcomments&post=55955"}],"version-history":[{"count":1,"href":"https:\/\/zonaroja.com.mx\/index.php?rest_route=\/wp\/v2\/posts\/55955\/revisions"}],"predecessor-version":[{"id":55957,"href":"https:\/\/zonaroja.com.mx\/index.php?rest_route=\/wp\/v2\/posts\/55955\/revisions\/55957"}],"wp:featuredmedia":[{"embeddable":true,"href":"https:\/\/zonaroja.com.mx\/index.php?rest_route=\/wp\/v2\/media\/55956"}],"wp:attachment":[{"href":"https:\/\/zonaroja.com.mx\/index.php?rest_route=%2Fwp%2Fv2%2Fmedia&parent=55955"}],"wp:term":[{"taxonomy":"category","embeddable":true,"href":"https:\/\/zonaroja.com.mx\/index.php?rest_route=%2Fwp%2Fv2%2Fcategories&post=55955"},{"taxonomy":"post_tag","embeddable":true,"href":"https:\/\/zonaroja.com.mx\/index.php?rest_route=%2Fwp%2Fv2%2Ftags&post=55955"}],"curies":[{"name":"wp","href":"https:\/\/api.w.org\/{rel}","templated":true}]}}