{"id":55960,"date":"2023-06-02T13:30:00","date_gmt":"2023-06-02T18:30:00","guid":{"rendered":"http:\/\/www.zonaroja.com.mx\/?p=55960"},"modified":"2023-06-02T08:51:23","modified_gmt":"2023-06-02T13:51:23","slug":"como-dinamarca-en-2021-solo-el-40-de-mexicanos-logro-atencion-medica-publica","status":"publish","type":"post","link":"https:\/\/zonaroja.com.mx\/?p=55960","title":{"rendered":"\u00bfComo Dinamarca?: En 2021, s\u00f3lo el 40% de mexicanos logr\u00f3 atenci\u00f3n m\u00e9dica p\u00fablica"},"content":{"rendered":"\n<p>Redacci\u00f3n\/Zona Roja Cdmx.<\/p>\n\n\n\n<p>Ciudad de M\u00e9xico, a 2 de junio de 2023.- En 2021, tan s\u00f3lo el 40 por ciento de los mexicanos que tuvieron necesidad de atenci\u00f3n m\u00e9dica logr\u00f3 acceder&nbsp;a servicios de salud p\u00fablicos; mientras que el 55 por ciento de la poblaci\u00f3n que busc\u00f3 atenci\u00f3n report\u00f3 haberse atendido en servicios m\u00e9dicos privados, as\u00ed lo mostr\u00f3 el reporte de Desabasto Cero, presentado este 31 de mayo.<\/p>\n\n\n\n<p>Tomando en cuenta la Encuesta Nacional de Salud y Nutrici\u00f3n (Ensanut) realizada por el Instituto Nacional de Estad\u00edstica y Geograf\u00eda (Inegi), el 88 por ciento de la poblaci\u00f3n que necesit\u00f3 atenci\u00f3n m\u00e9dica la busc\u00f3; el 87 por ciento la recibi\u00f3; y el 40 por ciento la recibi\u00f3 desde una instituci\u00f3n p\u00fablica.<\/p>\n\n\n\n<p>Por otro lado, el 55 por ciento de la poblaci\u00f3n atendida acudi\u00f3 a servicios m\u00e9dicos privados; el 24 por ciento acudi\u00f3 al Instituto Mexicanos del Seguro Social (IMSS); el 17 por ciento se atendi\u00f3 en instituciones de la Secretar\u00eda de Salud (SSa); el 3 por ciento acudi\u00f3 al Instituto de Seguridad y Servicios Sociales de los Trabajadores del Estado (ISSSTE); y el 1 por ciento acudi\u00f3 a alguna otra instituci\u00f3n p\u00fablica.<\/p>\n\n\n\n<p>En la Ensanut, m\u00e1s de 31 millones de individuos afirmaron no tener derecho a la asistencia sanitaria, ante la pregunta \u00ab\u00bfNo tiene afiliaci\u00f3n ni acceso a servicios m\u00e9dicos?\u00bb.<\/p>\n\n\n\n<p>Por otro lado, tan s\u00f3lo instituciones del IMSS y de la Secretar\u00eda de la Defensa Nacional (Sedena) han aumentado el n\u00famero de consultas dadas a partir de 2018; mientras que IMSS-Bienestar, ISSSTE, Semar y la SSa las han disminuido; la Secretar\u00eda de Salud, de manera importante.<\/p>\n\n\n\n<p>En agosto de 2022, el subsecretario de Salud, Hugo L\u00f3pez-Gatell, admiti\u00f3 que, a pesar las deficiencias en cuanto atenci\u00f3n m\u00e9dica e incluso en condiciones laborales para los m\u00e9dicos, no se pod\u00edan prescindir de los consultorios de farmacia, pues \u201ccubren una necesidad\u201d, que seg\u00fan \u00e9l mismo iba a ser cubierta por el nuevo sistema de salud del presidente Andr\u00e9s Manuel L\u00f3pez Obrador (AMLO).<\/p>\n\n\n\n<p>\u00abNo podemos cancelarlas de tajo. Lo deseable es que no existan. Es probable que la fase de transici\u00f3n implique regular de manera m\u00e1s estricta\u00bb, se\u00f1al\u00f3 en esa ocasi\u00f3n el subsecretario a prop\u00f3sito de los m\u00e9dicos privados en consultorios de farmacias.<\/p>\n\n\n\n<p>(Informaci\u00f3n de Radio F\u00f3rmula)<\/p>\n","protected":false},"excerpt":{"rendered":"<p>Redacci\u00f3n\/Zona Roja Cdmx. Ciudad de M\u00e9xico, a 2 de junio de 2023.- En 2021, tan&hellip;<\/p>\n","protected":false},"author":2,"featured_media":42650,"comment_status":"closed","ping_status":"open","sticky":false,"template":"","format":"standard","meta":{"_lmt_disableupdate":"","_lmt_disable":"","_jetpack_memberships_contains_paid_content":false,"footnotes":""},"categories":[109,47],"tags":[],"class_list":["post-55960","post","type-post","status-publish","format-standard","has-post-thumbnail","hentry","category-minuto-a-minuto","category-zona-gris"],"jetpack_featured_media_url":"https:\/\/zonaroja.com.mx\/wp-content\/uploads\/2022\/06\/Muertes-maternas-Servicios-de-Salud-Oaxaca.jpg","jetpack_sharing_enabled":true,"_links":{"self":[{"href":"https:\/\/zonaroja.com.mx\/index.php?rest_route=\/wp\/v2\/posts\/55960","targetHints":{"allow":["GET"]}}],"collection":[{"href":"https:\/\/zonaroja.com.mx\/index.php?rest_route=\/wp\/v2\/posts"}],"about":[{"href":"https:\/\/zonaroja.com.mx\/index.php?rest_route=\/wp\/v2\/types\/post"}],"author":[{"embeddable":true,"href":"https:\/\/zonaroja.com.mx\/index.php?rest_route=\/wp\/v2\/users\/2"}],"replies":[{"embeddable":true,"href":"https:\/\/zonaroja.com.mx\/index.php?rest_route=%2Fwp%2Fv2%2Fcomments&post=55960"}],"version-history":[{"count":1,"href":"https:\/\/zonaroja.com.mx\/index.php?rest_route=\/wp\/v2\/posts\/55960\/revisions"}],"predecessor-version":[{"id":55961,"href":"https:\/\/zonaroja.com.mx\/index.php?rest_route=\/wp\/v2\/posts\/55960\/revisions\/55961"}],"wp:featuredmedia":[{"embeddable":true,"href":"https:\/\/zonaroja.com.mx\/index.php?rest_route=\/wp\/v2\/media\/42650"}],"wp:attachment":[{"href":"https:\/\/zonaroja.com.mx\/index.php?rest_route=%2Fwp%2Fv2%2Fmedia&parent=55960"}],"wp:term":[{"taxonomy":"category","embeddable":true,"href":"https:\/\/zonaroja.com.mx\/index.php?rest_route=%2Fwp%2Fv2%2Fcategories&post=55960"},{"taxonomy":"post_tag","embeddable":true,"href":"https:\/\/zonaroja.com.mx\/index.php?rest_route=%2Fwp%2Fv2%2Ftags&post=55960"}],"curies":[{"name":"wp","href":"https:\/\/api.w.org\/{rel}","templated":true}]}}