{"id":55962,"date":"2023-06-02T08:50:30","date_gmt":"2023-06-02T13:50:30","guid":{"rendered":"http:\/\/www.zonaroja.com.mx\/?p=55962"},"modified":"2023-06-02T08:50:34","modified_gmt":"2023-06-02T13:50:34","slug":"por-fin-reconoce-amlo-que-su-sexenio-es-el-mas-violento-pero-cual-al-pasado","status":"publish","type":"post","link":"https:\/\/zonaroja.com.mx\/?p=55962","title":{"rendered":"Por fin reconoce AMLO que su sexenio es el m\u00e1s violento\u2026 pero cual al pasado"},"content":{"rendered":"\n<p>Redacci\u00f3n\/Zona Roja Cdmx.<\/p>\n\n\n\n<p>Ciudad de M\u00e9xico, a 2 de junio de 2023.- El presidente mexicano, Andr\u00e9s Manuel L\u00f3pez Obrador, reconoci\u00f3 este jueves que en su gobierno ha ocurrido el mayor n\u00famero de homicidios de la historia, pero culp\u00f3 a las administraciones anteriores por heredarle el problema.<\/p>\n\n\n\n<p>Ahora nos dicen: \u2018qu\u00e9 barbaridad que el gobierno de ahora es el gobierno que tiene m\u00e1s homicidios\u2019. S\u00ed. \u00bfPero por qu\u00e9 no pones la l\u00e1mina (gr\u00e1fica) de homicidios para que vean c\u00f3mo nos dejaron el pa\u00eds? Porque esta es una mala herencia en seguridad\u201d, expres\u00f3 en su rueda de prensa diaria.<\/p>\n\n\n\n<p>Sus declaraciones se producen despu\u00e9s de que M\u00e9xico tuvo los dos a\u00f1os m\u00e1s violentos de su historia bajo la gesti\u00f3n de L\u00f3pez Obrador, con 34 mil 690 v\u00edctimas de asesinato en 2019 y 34 mil 554 en 2020.<\/p>\n\n\n\n<p>La tendencia ha sido a la baja con 30 mil 968 homicidios dolosos en 2022 y 33 mil 308 en 2021, pero en el primer cuatrimestre de 2023 hubo un repunte interanual de 0.26 por ciento con 9 mil 912 asesinatos, un promedio de 83 al d\u00eda.<\/p>\n\n\n\n<p>Pero, desde su conferencia en el estado de Tamaulipas, el mandatario responsabiliz\u00f3 a los gobiernos anteriores de la proliferaci\u00f3n del crimen organizado al exhibir una gr\u00e1fica con los asesinatos de los sexenios de Felipe Calder\u00f3n (2006-2012) y Enrique Pe\u00f1a Nieto (2012-2018).<\/p>\n\n\n\n<p>\u201cNos ha costado porque \u00bfqui\u00e9nes crearon las bandas, los c\u00e1rteles que funcionan en todo el pa\u00eds?. Pues estos. \u00bfD\u00f3nde est\u00e1n los c\u00e1rteles creados por nosotros, tolerados por el gobierno de nosotros? No. Se fueron consolidando por la impunidad y las complicidades\u201d, argument\u00f3.<\/p>\n\n\n\n<p>El gobernante mexicano denunci\u00f3 que el pa\u00eds era un \u201cnarcoestado\u201d al se\u00f1alar a Genaro Garc\u00eda Luna, exsecretario de Seguridad durante el gobierno de Calder\u00f3n declarado culpable por una corte en Estados Unidos en febrero pasado por sus nexos con el narcotr\u00e1fico.<\/p>\n\n\n\n<p>\u201cEra un &#8216;narcoestado&#8217;. Nos ha costado mucho esto. Y esperamos que siga bajando. Este a\u00f1o ha ido bajando, poco \u00bfeh? Y todav\u00eda nos queda el a\u00f1o pr\u00f3ximo\u201d, asever\u00f3.<\/p>\n\n\n\n<p>El presidente afirm\u00f3 que \u201cya tambi\u00e9n est\u00e1n dando resultados los programas de bienestar, que son la basa para pacificar al pa\u00eds\u201d.<\/p>\n\n\n\n<p>\u201cEso es lo que nos va a permitir vivir en una sociedad mejor y pac\u00edfica, entonces s\u00ed hemos bajado el homicidio, que este es uno de los delitos en donde no hay pr\u00e1cticamente o muy poca cifra negra (delitos no reportado), porque s\u00ed se denuncia y s\u00ed se sabe lo que se sucede\u201d, se\u00f1al\u00f3.<\/p>\n\n\n\n<p>(Con informaci\u00f3n de EFE, en L\u00f3pez-D\u00f3riga Digital)<\/p>\n","protected":false},"excerpt":{"rendered":"<p>Redacci\u00f3n\/Zona Roja Cdmx. Ciudad de M\u00e9xico, a 2 de junio de 2023.- El presidente mexicano,&hellip;<\/p>\n","protected":false},"author":2,"featured_media":37135,"comment_status":"closed","ping_status":"open","sticky":false,"template":"","format":"standard","meta":{"_lmt_disableupdate":"","_lmt_disable":"","_jetpack_memberships_contains_paid_content":false,"footnotes":""},"categories":[109,47],"tags":[143],"class_list":["post-55962","post","type-post","status-publish","format-standard","has-post-thumbnail","hentry","category-minuto-a-minuto","category-zona-gris","tag-andres-manuel-lopez-obrador"],"jetpack_featured_media_url":"https:\/\/zonaroja.com.mx\/wp-content\/uploads\/2022\/02\/Andres-Manuel-Lopez-Obrador.jpg","jetpack_sharing_enabled":true,"_links":{"self":[{"href":"https:\/\/zonaroja.com.mx\/index.php?rest_route=\/wp\/v2\/posts\/55962","targetHints":{"allow":["GET"]}}],"collection":[{"href":"https:\/\/zonaroja.com.mx\/index.php?rest_route=\/wp\/v2\/posts"}],"about":[{"href":"https:\/\/zonaroja.com.mx\/index.php?rest_route=\/wp\/v2\/types\/post"}],"author":[{"embeddable":true,"href":"https:\/\/zonaroja.com.mx\/index.php?rest_route=\/wp\/v2\/users\/2"}],"replies":[{"embeddable":true,"href":"https:\/\/zonaroja.com.mx\/index.php?rest_route=%2Fwp%2Fv2%2Fcomments&post=55962"}],"version-history":[{"count":1,"href":"https:\/\/zonaroja.com.mx\/index.php?rest_route=\/wp\/v2\/posts\/55962\/revisions"}],"predecessor-version":[{"id":55963,"href":"https:\/\/zonaroja.com.mx\/index.php?rest_route=\/wp\/v2\/posts\/55962\/revisions\/55963"}],"wp:featuredmedia":[{"embeddable":true,"href":"https:\/\/zonaroja.com.mx\/index.php?rest_route=\/wp\/v2\/media\/37135"}],"wp:attachment":[{"href":"https:\/\/zonaroja.com.mx\/index.php?rest_route=%2Fwp%2Fv2%2Fmedia&parent=55962"}],"wp:term":[{"taxonomy":"category","embeddable":true,"href":"https:\/\/zonaroja.com.mx\/index.php?rest_route=%2Fwp%2Fv2%2Fcategories&post=55962"},{"taxonomy":"post_tag","embeddable":true,"href":"https:\/\/zonaroja.com.mx\/index.php?rest_route=%2Fwp%2Fv2%2Ftags&post=55962"}],"curies":[{"name":"wp","href":"https:\/\/api.w.org\/{rel}","templated":true}]}}