{"id":55964,"date":"2023-06-02T12:51:00","date_gmt":"2023-06-02T17:51:00","guid":{"rendered":"http:\/\/www.zonaroja.com.mx\/?p=55964"},"modified":"2023-06-02T09:04:44","modified_gmt":"2023-06-02T14:04:44","slug":"dirigente-de-morena-en-oaxaca-coloca-a-sus-hermanas-en-gobierno-de-4t","status":"publish","type":"post","link":"https:\/\/zonaroja.com.mx\/?p=55964","title":{"rendered":"Dirigente de Morena en Oaxaca coloca a sus hermanas en gobierno de 4T"},"content":{"rendered":"\n<p>Redacci\u00f3n\/Zona Roja.<\/p>\n\n\n\n<p>Oaxaca de Ju\u00e1rez, Oax., a 2 de junio de 2023.- El tr\u00e1fico de influencias y el nepotismo siguen marcando el gobierno de Salom\u00f3n Jara Cruz, que dice llamarse de la llamada \u201cCuarta Transformaci\u00f3n\u201d.<\/p>\n\n\n\n<p>De acuerdo con la asociaci\u00f3n civil \u201cOaxaque\u00f1os vs. la Corrupci\u00f3n\u201d, el dirigente estatal Benjam\u00edn Viveros Montalvo coloc\u00f3 a sus hermanas en distintos puestos del Poder Ejecutivo, que arranc\u00f3 el pasado 1 de diciembre.<\/p>\n\n\n\n<p>Martha Leticia Viveros Montalvo est\u00e1 dentro de la estructura directiva del Sistema para el Desarrollo Integral de la Familia (DIF), presidido por Irma Bola\u00f1os Quijano y a su otra hermana, Dulce Yanet Viveros Montalvo, como \u00abJefa de M\u00f3dulos del Bienestar\u00bb en la Ca\u00f1ada, de la Secretar\u00eda del Bienestar, Tequio e Inclusi\u00f3n, encabezada por Laura Estrada Mauro.<\/p>\n\n\n\n<p>Conforme a la investigaci\u00f3n de \u201cOaxaque\u00f1os vs. la Corrupci\u00f3n\u201d respaldada con datos de transparencia del propio DIF y la Secretar\u00eda de Bienestar, la hermana de Benjam\u00edn Viveros Montalvo Martha Alicia Viveros Montalvo est\u00e1 adscrita a la Direcci\u00f3n de Servicios Itinerantes, bajo el nombramiento de \u00abdirectora\u00bb, seg\u00fan trabajadores de dicha dependencia, hace funciones de delegada dentro del DIF Oaxaca, adscrita a la Ca\u00f1ada.&nbsp;<\/p>\n\n\n\n<p>Mientras que su otra hermana Dulce Yanet Vivieros Montalvo, est\u00e1 adscrita en la Ca\u00f1ada, bajo el nombramiento de \u00abJefa de M\u00f3dulo Bienestar\u00bb en dicha regi\u00f3n.<\/p>\n\n\n\n<p>Ambas hermanas del presidente del Comit\u00e9 Ejecutivo Estatal de Morena no cuentan dato alguno de estar inscritas en el Registro Nacional de Profesionistas de la Secretaria de Educaci\u00f3n P\u00fablica. Es decir, las familiares de Viveros Montalvo no cuentan con c\u00e9dula profesional que avale que pasaron por alguna aula universitaria.&nbsp;<\/p>\n\n\n\n<p>En diciembre de 2022, Irma Bola\u00f1os Quijano present\u00f3 a sus delegados regionales, en donde la hermana del l\u00edder estatal de Morena, Martha Alicia Viveros Montalvo, apareci\u00f3 como delegada regional de la Ca\u00f1ada.&nbsp;<\/p>\n\n\n\n<p>En dicha presentaci\u00f3n, Bola\u00f1os Quijano asegur\u00f3 que \u00abesta nueva administraci\u00f3n del DIF, ser\u00eda honesta\u00bb.&nbsp;<\/p>\n\n\n\n<p>Cuesti\u00f3n que est\u00e1 muy alejada de la realidad, en virtud de que, para la elecci\u00f3n de sus delegadas, no se tom\u00f3 en cuenta la preparaci\u00f3n acad\u00e9mica o experiencia, si no solo el parentesco sangu\u00edneo entre la directora y su hermano, quien es l\u00edder estatal del partido que gobierna Oaxaca.<\/p>\n\n\n\n<p>En abril de 2023, Benjam\u00edn Viveros Montalvo declar\u00f3 que \u00abMorena erradic\u00f3 los vicios del viejo r\u00e9gimen\u00bb, sin embargo a solo unos d\u00edas de que Salom\u00f3n Jara tom\u00f3 posesi\u00f3n como titular del Ejecutivo, el l\u00edder estatal del partido, coloc\u00f3 a sus dos hermanas como mandos superiores en el gobierno estatal, a la vieja usanza del PRI.<\/p>\n","protected":false},"excerpt":{"rendered":"<p>Redacci\u00f3n\/Zona Roja. Oaxaca de Ju\u00e1rez, Oax., a 2 de junio de 2023.- El tr\u00e1fico de&hellip;<\/p>\n","protected":false},"author":2,"featured_media":55965,"comment_status":"closed","ping_status":"open","sticky":false,"template":"","format":"standard","meta":{"_lmt_disableupdate":"","_lmt_disable":"","_jetpack_memberships_contains_paid_content":false,"footnotes":""},"categories":[109,47],"tags":[],"class_list":["post-55964","post","type-post","status-publish","format-standard","has-post-thumbnail","hentry","category-minuto-a-minuto","category-zona-gris"],"jetpack_featured_media_url":"https:\/\/zonaroja.com.mx\/wp-content\/uploads\/2023\/06\/Benjamin-Viveros-Montalvo.jpeg","jetpack_sharing_enabled":true,"_links":{"self":[{"href":"https:\/\/zonaroja.com.mx\/index.php?rest_route=\/wp\/v2\/posts\/55964","targetHints":{"allow":["GET"]}}],"collection":[{"href":"https:\/\/zonaroja.com.mx\/index.php?rest_route=\/wp\/v2\/posts"}],"about":[{"href":"https:\/\/zonaroja.com.mx\/index.php?rest_route=\/wp\/v2\/types\/post"}],"author":[{"embeddable":true,"href":"https:\/\/zonaroja.com.mx\/index.php?rest_route=\/wp\/v2\/users\/2"}],"replies":[{"embeddable":true,"href":"https:\/\/zonaroja.com.mx\/index.php?rest_route=%2Fwp%2Fv2%2Fcomments&post=55964"}],"version-history":[{"count":1,"href":"https:\/\/zonaroja.com.mx\/index.php?rest_route=\/wp\/v2\/posts\/55964\/revisions"}],"predecessor-version":[{"id":55966,"href":"https:\/\/zonaroja.com.mx\/index.php?rest_route=\/wp\/v2\/posts\/55964\/revisions\/55966"}],"wp:featuredmedia":[{"embeddable":true,"href":"https:\/\/zonaroja.com.mx\/index.php?rest_route=\/wp\/v2\/media\/55965"}],"wp:attachment":[{"href":"https:\/\/zonaroja.com.mx\/index.php?rest_route=%2Fwp%2Fv2%2Fmedia&parent=55964"}],"wp:term":[{"taxonomy":"category","embeddable":true,"href":"https:\/\/zonaroja.com.mx\/index.php?rest_route=%2Fwp%2Fv2%2Fcategories&post=55964"},{"taxonomy":"post_tag","embeddable":true,"href":"https:\/\/zonaroja.com.mx\/index.php?rest_route=%2Fwp%2Fv2%2Ftags&post=55964"}],"curies":[{"name":"wp","href":"https:\/\/api.w.org\/{rel}","templated":true}]}}