{"id":55967,"date":"2023-06-02T10:10:00","date_gmt":"2023-06-02T15:10:00","guid":{"rendered":"http:\/\/www.zonaroja.com.mx\/?p=55967"},"modified":"2023-06-02T09:24:44","modified_gmt":"2023-06-02T14:24:44","slug":"siguen-bloqueos-carreteros-y-crecen-conflictos-en-oaxaca","status":"publish","type":"post","link":"https:\/\/zonaroja.com.mx\/?p=55967","title":{"rendered":"Siguen bloqueos carreteros y crecen conflictos en Oaxaca"},"content":{"rendered":"\n<p>Ismael Garc\u00eda M.\/Zona Roja.&nbsp;<\/p>\n\n\n\n<p>Oaxaca de Ju\u00e1rez, Oax., a 2 de junio de 2023.- Mientras el bloqueo a la supercarretera Oaxaca-Costa inicia su quinto d\u00eda, en la Sierra Sur estall\u00f3 el conflicto entre Santo Domingo Teojomulco y Santiago Textitl\u00e1n.<\/p>\n\n\n\n<p>De acuerdo con la defensora de derechos humanos Flora Guti\u00e9rrez, desde ayer Teojomulco rompi\u00f3 los acuerdos y bloque\u00f3 con grupos armados el acceso a la localidad de El Polvor\u00edn.<\/p>\n\n\n\n<p>Responsabiliz\u00f3 al Gobierno del Estado de Oaxaca de la vida, la integridad f\u00edsica y la violaci\u00f3n a los derechos humanos de los pobladores de esa comunidad, as\u00ed como de R\u00edo Humo, Lachixao y Recibimiento.<\/p>\n\n\n\n<p>Desde la semana pasada, la Defensor\u00eda de los Derechos Humanos del Pueblo de Oaxaca alert\u00f3 a las autoridades estatales a atender esta problem\u00e1tica, pero tampoco fue tomada en cuenta la advertencia.<\/p>\n\n\n\n<p>Mientras tanto, este viernes se cumplen cinco d\u00edas del bloqueo de pobladores de San Sebasti\u00e1n Coatl\u00e1n a la supercarretera Oaxaca-Costa, en inmediaciones de dicha localidad.<\/p>\n\n\n\n<p>Lo anterior para exigir la soluci\u00f3n a un conflicto agrario, que la Secretar\u00eda de Gobierno desestim\u00f3 que se pudiera resolver a la brevedad; en un comunicado, dijo que ya han recibido m\u00faltiples beneficios y que no conoc\u00edan a detalle el resto de las demandas.<\/p>\n\n\n\n<p>Con el bloqueo, se complica la conclusi\u00f3n de los trabajos de la supercarretera Oaxaca-Costa, en su tramo Barranca Larga-Puerto Escondido y seg\u00fan el gobierno, falta un 22 por ciento para terminar la obra, que el Presidente Andr\u00e9s Manuel L\u00f3pez Obrador prometi\u00f3 concluir entre julio o agosto.<\/p>\n\n\n\n<p>Por otra parte, con la intervenci\u00f3n del delegado de la Secretar\u00eda de Gobernaci\u00f3n en Oaxaca, Jos\u00e9 Carlos Fuentes, ayer por la tarde se logr\u00f3 un acuerdo de paz entre Chicapa de Castro, agencia de Juchit\u00e1n de Zaragoza, y San Dionisio del Mar.<\/p>\n\n\n\n<p>Con ello se quit\u00f3 el bloqueo carretero hacia este \u00faltimo municipio y se restableci\u00f3 el servicio de energ\u00eda el\u00e9ctrica.<\/p>\n\n\n\n<p>La reuni\u00f3n de trabajo entre autoridades federales, estatales y municipales, se llev\u00f3 a cabo en Santo Domingo Ingenio, en que se lograron los acuerdos luego de que hace tres d\u00edas estallara el conflicto, por la disputa de mil 700 hect\u00e1reas de tierras.<\/p>\n","protected":false},"excerpt":{"rendered":"<p>Ismael Garc\u00eda M.\/Zona Roja.&nbsp; Oaxaca de Ju\u00e1rez, Oax., a 2 de junio de 2023.- Mientras&hellip;<\/p>\n","protected":false},"author":2,"featured_media":55968,"comment_status":"closed","ping_status":"open","sticky":false,"template":"","format":"standard","meta":{"_lmt_disableupdate":"","_lmt_disable":"","_jetpack_memberships_contains_paid_content":false,"footnotes":""},"categories":[109,47],"tags":[2264],"class_list":["post-55967","post","type-post","status-publish","format-standard","has-post-thumbnail","hentry","category-minuto-a-minuto","category-zona-gris","tag-bloqueos-y-protestas-oaxaca"],"jetpack_featured_media_url":"https:\/\/zonaroja.com.mx\/wp-content\/uploads\/2023\/06\/Bloqueo-San-Sebastian-Coatlan.jpeg","jetpack_sharing_enabled":true,"_links":{"self":[{"href":"https:\/\/zonaroja.com.mx\/index.php?rest_route=\/wp\/v2\/posts\/55967","targetHints":{"allow":["GET"]}}],"collection":[{"href":"https:\/\/zonaroja.com.mx\/index.php?rest_route=\/wp\/v2\/posts"}],"about":[{"href":"https:\/\/zonaroja.com.mx\/index.php?rest_route=\/wp\/v2\/types\/post"}],"author":[{"embeddable":true,"href":"https:\/\/zonaroja.com.mx\/index.php?rest_route=\/wp\/v2\/users\/2"}],"replies":[{"embeddable":true,"href":"https:\/\/zonaroja.com.mx\/index.php?rest_route=%2Fwp%2Fv2%2Fcomments&post=55967"}],"version-history":[{"count":1,"href":"https:\/\/zonaroja.com.mx\/index.php?rest_route=\/wp\/v2\/posts\/55967\/revisions"}],"predecessor-version":[{"id":55969,"href":"https:\/\/zonaroja.com.mx\/index.php?rest_route=\/wp\/v2\/posts\/55967\/revisions\/55969"}],"wp:featuredmedia":[{"embeddable":true,"href":"https:\/\/zonaroja.com.mx\/index.php?rest_route=\/wp\/v2\/media\/55968"}],"wp:attachment":[{"href":"https:\/\/zonaroja.com.mx\/index.php?rest_route=%2Fwp%2Fv2%2Fmedia&parent=55967"}],"wp:term":[{"taxonomy":"category","embeddable":true,"href":"https:\/\/zonaroja.com.mx\/index.php?rest_route=%2Fwp%2Fv2%2Fcategories&post=55967"},{"taxonomy":"post_tag","embeddable":true,"href":"https:\/\/zonaroja.com.mx\/index.php?rest_route=%2Fwp%2Fv2%2Ftags&post=55967"}],"curies":[{"name":"wp","href":"https:\/\/api.w.org\/{rel}","templated":true}]}}