{"id":55970,"date":"2023-06-02T14:41:06","date_gmt":"2023-06-02T19:41:06","guid":{"rendered":"http:\/\/www.zonaroja.com.mx\/?p=55970"},"modified":"2023-06-02T14:51:10","modified_gmt":"2023-06-02T19:51:10","slug":"sigue-la-violencia-criminal-en-oaxaca-asesinan-a-un-adolescente-y-a-un-joven","status":"publish","type":"post","link":"https:\/\/zonaroja.com.mx\/?p=55970","title":{"rendered":"Sigue la violencia criminal en Oaxaca: asesinan a un adolescente y a un joven"},"content":{"rendered":"\n<p>Redacci\u00f3n\/Zona Roja. <\/p>\n\n\n\n<p>Oaxaca de Ju\u00e1rez, Oax., a 2 de junio de 2023.- Dos personas fueron asesinadas a balazos en las \u00faltimas horas en Oaxaca, una de ellas un adolescente de 15 a\u00f1os de edad. <\/p>\n\n\n\n<p>Esta ma\u00f1ana, en jurisdicci\u00f3n de San Francisco Tanivet, Tlacolula, en la regi\u00f3n Valles Centrales, sujetos armados asaltaron al chofer de un cami\u00f3n de acarreo de materiales, marca Kenworth con placas de circulaci\u00f3n KV-1200-A.<\/p>\n\n\n\n<p>Al oponer resistencia a que le quitaran la unidad, el chofer identificado como  Alex S. G., de 21 a\u00f1os de edad, fue agredido a balazos y perdi\u00f3 la vida al instante. Los delincuentes huyeron con el cami\u00f3n presuntamente rumbo a la zona Mixe del estado.<\/p>\n\n\n\n<p>DEFEND\u00cdA A SU PADRE<\/p>\n\n\n\n<p>Por otra parte, en la localidad de Agua Iglesia, del municipio de Eloxochitl\u00e1n de Flores Mag\u00f3n, anoche un adolescente intent\u00f3 impedir la detenci\u00f3n de su padre, Roberto P. M., por parte de la polic\u00eda municipal.<\/p>\n\n\n\n<p>Sin embargo en el forcejeo, los uniformados lesionaron por disparo de arma de fuego a Gelacio P. R., de 15 a\u00f1os de edad, por lo cual fue trasladado a un hospital de Huautla de Jim\u00e9nez, donde esta ma\u00f1ana se confirm\u00f3 que perdi\u00f3 la vida por la gravedad de las lesiones.&nbsp;<\/p>\n\n\n\n<p>Hasta el momento el ayuntamiento de Eloxochitl\u00e1n no ha emitido ninguna informaci\u00f3n al respecto y la Fiscal\u00eda General del Estado inici\u00f3 con m\u00e1s investigaciones correspondientes.<\/p>\n\n\n\n<p>ASALTO VIOLENTO <\/p>\n\n\n\n<p>Por otra parte, la ma\u00f1ana de hoy sujetos armados asaltaron una sucursal de la tienda Oxxo, ubicada en la prolongaci\u00f3n de Valerio Trujano, agencia de San Mart\u00edn Mexic\u00e1pam, ciudad de Oaxaca.<\/p>\n\n\n\n<p>Presuntamente los delincuentes hab\u00edan sido encerrados en el establecimiento pero cuando los polic\u00edas llegaron, no hallaron a nadie; supuestamente efectuaron patrullajes de b\u00fasqueda pero no localizaron a nadie. <\/p>\n","protected":false},"excerpt":{"rendered":"<p>Redacci\u00f3n\/Zona Roja. Oaxaca de Ju\u00e1rez, Oax., a 2 de junio de 2023.- Dos personas fueron&hellip;<\/p>\n","protected":false},"author":2,"featured_media":55667,"comment_status":"closed","ping_status":"open","sticky":false,"template":"","format":"standard","meta":{"_lmt_disableupdate":"","_lmt_disable":"","_jetpack_memberships_contains_paid_content":false,"footnotes":""},"categories":[109,51],"tags":[],"class_list":["post-55970","post","type-post","status-publish","format-standard","has-post-thumbnail","hentry","category-minuto-a-minuto","category-zona-roja"],"jetpack_featured_media_url":"https:\/\/zonaroja.com.mx\/wp-content\/uploads\/2023\/05\/Escena-del-crimen-violencia.jpg","jetpack_sharing_enabled":true,"_links":{"self":[{"href":"https:\/\/zonaroja.com.mx\/index.php?rest_route=\/wp\/v2\/posts\/55970","targetHints":{"allow":["GET"]}}],"collection":[{"href":"https:\/\/zonaroja.com.mx\/index.php?rest_route=\/wp\/v2\/posts"}],"about":[{"href":"https:\/\/zonaroja.com.mx\/index.php?rest_route=\/wp\/v2\/types\/post"}],"author":[{"embeddable":true,"href":"https:\/\/zonaroja.com.mx\/index.php?rest_route=\/wp\/v2\/users\/2"}],"replies":[{"embeddable":true,"href":"https:\/\/zonaroja.com.mx\/index.php?rest_route=%2Fwp%2Fv2%2Fcomments&post=55970"}],"version-history":[{"count":2,"href":"https:\/\/zonaroja.com.mx\/index.php?rest_route=\/wp\/v2\/posts\/55970\/revisions"}],"predecessor-version":[{"id":55972,"href":"https:\/\/zonaroja.com.mx\/index.php?rest_route=\/wp\/v2\/posts\/55970\/revisions\/55972"}],"wp:featuredmedia":[{"embeddable":true,"href":"https:\/\/zonaroja.com.mx\/index.php?rest_route=\/wp\/v2\/media\/55667"}],"wp:attachment":[{"href":"https:\/\/zonaroja.com.mx\/index.php?rest_route=%2Fwp%2Fv2%2Fmedia&parent=55970"}],"wp:term":[{"taxonomy":"category","embeddable":true,"href":"https:\/\/zonaroja.com.mx\/index.php?rest_route=%2Fwp%2Fv2%2Fcategories&post=55970"},{"taxonomy":"post_tag","embeddable":true,"href":"https:\/\/zonaroja.com.mx\/index.php?rest_route=%2Fwp%2Fv2%2Ftags&post=55970"}],"curies":[{"name":"wp","href":"https:\/\/api.w.org\/{rel}","templated":true}]}}