{"id":55974,"date":"2023-06-02T16:53:17","date_gmt":"2023-06-02T21:53:17","guid":{"rendered":"http:\/\/www.zonaroja.com.mx\/?p=55974"},"modified":"2023-06-02T16:58:29","modified_gmt":"2023-06-02T21:58:29","slug":"confirma-la-fiscalia-detencion-quien-fuera-funcionario-en-el-sexenio-de-alejandro-murat","status":"publish","type":"post","link":"https:\/\/zonaroja.com.mx\/?p=55974","title":{"rendered":"Confirma la Fiscal\u00eda detenci\u00f3n quien fuera funcionario en el sexenio de Alejandro Murat"},"content":{"rendered":"\n<p>Redacci\u00f3n\/Zona Roja. Foto: redes sociales.<\/p>\n\n\n\n<p>Oaxaca de Ju\u00e1rez, Oax., a 2 de junio de 2023.- La&nbsp;Fiscal\u00eda General del Estado de Oaxaca (FGEO) confirm\u00f3 que,&nbsp;derivado de las investigaciones efectuadas en materia de combate a la corrupci\u00f3n, ejecut\u00f3 este viernes una orden de aprehensi\u00f3n, dentro de la causa penal 575\/2023, contra el ex director del Instituto de Estudios de Bachillerato del Estado de Oaxaca (IEBO), Alejandro A. T.<\/p>\n\n\n\n<p>Lo anterior por el delito de Fraude Simulado.y que, de acuerdo con la denuncia penal, los hechos ocurrieron entre 2021 y 2022, en agravio del IEBO, cuando se promovi\u00f3 la creaci\u00f3n del Sindicato de Empleados del Instituto de Estudios de Bachillerato del Estado de Oaxaca, y el detenido ostentaba el cargo de director general de este instituto.<\/p>\n\n\n\n<p>\u201cGracias a las investigaciones encabezadas por la Fiscal\u00eda Especializada en Materia de Combate a la Corrupci\u00f3n, se obtuvo la orden de aprehensi\u00f3n que libr\u00f3 un juez, por lo que elementos de la Agencia Estatal de Investigaciones (AEI), ejecutaron el mandato legal y detuvieron a A. A. T. en un local comercial de la colonia Reforma de la capital del estado\u201d, indic\u00f3. <\/p>\n\n\n\n<p>En un comunicado, la Fiscal\u00eda detall\u00f3 que el detenido ser\u00e1 presentado ante la autoridad que lo requiri\u00f3 para que determine su situaci\u00f3n legal&nbsp;en las pr\u00f3ximas horas.<\/p>\n\n\n\n<p>\u201cLos actos de corrupci\u00f3n cometidos desde la administraci\u00f3n p\u00fablica, se investigan con estricto apego a la ley por parte de la Fiscalia de Oaxaca, pues es un delito que lastima los bienes p\u00fablicos del estado y el patrimonio de la sociedad\u201d, indic\u00f3 la instituci\u00f3n que encabeza Bernardo Rodr\u00edguez Alamilla. <\/p>\n","protected":false},"excerpt":{"rendered":"<p>Redacci\u00f3n\/Zona Roja. Foto: redes sociales. Oaxaca de Ju\u00e1rez, Oax., a 2 de junio de 2023.-&hellip;<\/p>\n","protected":false},"author":2,"featured_media":55973,"comment_status":"closed","ping_status":"open","sticky":false,"template":"","format":"standard","meta":{"_lmt_disableupdate":"","_lmt_disable":"","_jetpack_memberships_contains_paid_content":false,"footnotes":""},"categories":[109,47],"tags":[],"class_list":["post-55974","post","type-post","status-publish","format-standard","has-post-thumbnail","hentry","category-minuto-a-minuto","category-zona-gris"],"jetpack_featured_media_url":"https:\/\/zonaroja.com.mx\/wp-content\/uploads\/2023\/06\/2de90cf7-104d-4987-95ed-a5946514d95a.jpg","jetpack_sharing_enabled":true,"_links":{"self":[{"href":"https:\/\/zonaroja.com.mx\/index.php?rest_route=\/wp\/v2\/posts\/55974","targetHints":{"allow":["GET"]}}],"collection":[{"href":"https:\/\/zonaroja.com.mx\/index.php?rest_route=\/wp\/v2\/posts"}],"about":[{"href":"https:\/\/zonaroja.com.mx\/index.php?rest_route=\/wp\/v2\/types\/post"}],"author":[{"embeddable":true,"href":"https:\/\/zonaroja.com.mx\/index.php?rest_route=\/wp\/v2\/users\/2"}],"replies":[{"embeddable":true,"href":"https:\/\/zonaroja.com.mx\/index.php?rest_route=%2Fwp%2Fv2%2Fcomments&post=55974"}],"version-history":[{"count":1,"href":"https:\/\/zonaroja.com.mx\/index.php?rest_route=\/wp\/v2\/posts\/55974\/revisions"}],"predecessor-version":[{"id":55975,"href":"https:\/\/zonaroja.com.mx\/index.php?rest_route=\/wp\/v2\/posts\/55974\/revisions\/55975"}],"wp:featuredmedia":[{"embeddable":true,"href":"https:\/\/zonaroja.com.mx\/index.php?rest_route=\/wp\/v2\/media\/55973"}],"wp:attachment":[{"href":"https:\/\/zonaroja.com.mx\/index.php?rest_route=%2Fwp%2Fv2%2Fmedia&parent=55974"}],"wp:term":[{"taxonomy":"category","embeddable":true,"href":"https:\/\/zonaroja.com.mx\/index.php?rest_route=%2Fwp%2Fv2%2Fcategories&post=55974"},{"taxonomy":"post_tag","embeddable":true,"href":"https:\/\/zonaroja.com.mx\/index.php?rest_route=%2Fwp%2Fv2%2Ftags&post=55974"}],"curies":[{"name":"wp","href":"https:\/\/api.w.org\/{rel}","templated":true}]}}