{"id":55976,"date":"2023-06-02T20:25:55","date_gmt":"2023-06-03T01:25:55","guid":{"rendered":"http:\/\/www.zonaroja.com.mx\/?p=55976"},"modified":"2023-06-02T20:26:11","modified_gmt":"2023-06-03T01:26:11","slug":"no-habra-primavera-oaxaquena-sin-justicia-para-maria-del-sol-y-mas-mujeres-red-mpo","status":"publish","type":"post","link":"https:\/\/zonaroja.com.mx\/?p=55976","title":{"rendered":"No habr\u00e1 primavera oaxaque\u00f1a sin justicia para Mar\u00eda del Sol y m\u00e1s mujeres: Red MPO"},"content":{"rendered":"\n<p>Yuridiana Sosa\/Zona Roja.<\/p>\n\n\n\n<p>Oaxaca de Ju\u00e1rez, Oax., 2 de junio de 2023.- La Red de Mujeres Periodistas de Oaxaca (Red MPO) alz\u00f3 la voz en exigencia de justicia por el feminicidio de la fotoperiodista Mar\u00eda del Sol Cruz Jarqu\u00edn, a cinco a\u00f1os de impunidad por lo ocurrido, el 2 de junio de 2018 en Juchit\u00e1n de Zaragoza.<\/p>\n\n\n\n<p>Las periodistas, tambi\u00e9n defensoras de los derechos de las mujeres, reiteraron su respaldo y acompa\u00f1amiento en la lucha de Soledad Cruz Edgar, madre de la joven fot\u00f3grafa, quien ha denunciado el caso de manera personal al Presidente de M\u00e9xico, Andr\u00e9s Manuel L\u00f3pez Obrador, sin encontrar soluci\u00f3n. <\/p>\n\n\n\n<p>En el caso de Mar\u00eda del Sol se conjuntaron varios delitos, pues ella fue asesinada en un contexto electoral del 2 de junio de 2018 en Juchit\u00e1n de Zaragoza, cuando siendo jefa del departamento de Comunicaci\u00f3n Ind\u00edgena Intercultural de la entonces Secretar\u00eda de Asuntos Ind\u00edgenas fue enviada en contra de su voluntad por el titular de esta dependencia, Francisco Javier Montero, hermano del candidato del PRI, Hageo Montero L\u00f3pez.<\/p>\n\n\n\n<p>Junto a Soledad tambi\u00e9n fue asesinada la candidata a concejal, a quien acompa\u00f1aba Mar\u00eda del Sol, Pamela Ter\u00e1n Pineda y el chofer Adelfo Jim\u00e9nez.<\/p>\n\n\n\n<p>\u201cExigimos a las autoridades federales y estatales no dejar en la impunidad este feminicidio, como mujeres periodistas que cubrimos la violencia feminicida en el estado consideramos que la impunidad no puede ser permitida, pues hacerlo s\u00f3lo nos vuelve c\u00f3mplices de los agresores y feminicidas\u201d, sentenci\u00f3 la Red MPO.<\/p>\n\n\n\n<p>Apuntaron que negar el acceso a la justicia, como un derecho humano esencial, afecta inevitablemente el acceso a la verdad y a la reparaci\u00f3n integral del da\u00f1o para las v\u00edctimas de un delito.<\/p>\n\n\n\n<p>Mar\u00eda del Sol es una de las 718 mujeres, ni\u00f1as y adolescentes que fueron v\u00edctimas del feminicidio durante el sexenio del ex gobernador Alejandro Murat Hinojosa, periodo en que la Fiscal\u00eda General de Oaxaca tambi\u00e9n tuvo sin \u00e9xito en el caso a dos titulares, Rub\u00e9n Vasconcelos M\u00e9ndez y Arturo Peimbert Calvo.<\/p>\n\n\n\n<p>Con el nuevo gobierno de Salom\u00f3n Jara Cruz, la responsabilidad actual de encontrar justicia recae en Bernardo Rodr\u00edguez Alamilla.<\/p>\n\n\n\n<p>\u201cSabemos que nadie puede florecer de la impunidad, que no hay ni habr\u00e1 primavera oaxaque\u00f1a sin justicia para las mujeres, sin justicia para Mar\u00eda del Sol\u201d, conden\u00f3 la Red MPO, quien record\u00f3 que como a la fotoperiodista, mujeres llenas de sue\u00f1o, el Estado Mexicano les fall\u00f3.<\/p>\n","protected":false},"excerpt":{"rendered":"<p>Yuridiana Sosa\/Zona Roja. Oaxaca de Ju\u00e1rez, Oax., 2 de junio de 2023.- La Red de&hellip;<\/p>\n","protected":false},"author":2,"featured_media":27979,"comment_status":"closed","ping_status":"open","sticky":false,"template":"","format":"standard","meta":{"_lmt_disableupdate":"","_lmt_disable":"","_jetpack_memberships_contains_paid_content":false,"footnotes":""},"categories":[109,47],"tags":[],"class_list":["post-55976","post","type-post","status-publish","format-standard","has-post-thumbnail","hentry","category-minuto-a-minuto","category-zona-gris"],"jetpack_featured_media_url":"https:\/\/zonaroja.com.mx\/wp-content\/uploads\/2021\/05\/Maria-del-Sol-Cruz-2.jpg","jetpack_sharing_enabled":true,"_links":{"self":[{"href":"https:\/\/zonaroja.com.mx\/index.php?rest_route=\/wp\/v2\/posts\/55976","targetHints":{"allow":["GET"]}}],"collection":[{"href":"https:\/\/zonaroja.com.mx\/index.php?rest_route=\/wp\/v2\/posts"}],"about":[{"href":"https:\/\/zonaroja.com.mx\/index.php?rest_route=\/wp\/v2\/types\/post"}],"author":[{"embeddable":true,"href":"https:\/\/zonaroja.com.mx\/index.php?rest_route=\/wp\/v2\/users\/2"}],"replies":[{"embeddable":true,"href":"https:\/\/zonaroja.com.mx\/index.php?rest_route=%2Fwp%2Fv2%2Fcomments&post=55976"}],"version-history":[{"count":1,"href":"https:\/\/zonaroja.com.mx\/index.php?rest_route=\/wp\/v2\/posts\/55976\/revisions"}],"predecessor-version":[{"id":55977,"href":"https:\/\/zonaroja.com.mx\/index.php?rest_route=\/wp\/v2\/posts\/55976\/revisions\/55977"}],"wp:featuredmedia":[{"embeddable":true,"href":"https:\/\/zonaroja.com.mx\/index.php?rest_route=\/wp\/v2\/media\/27979"}],"wp:attachment":[{"href":"https:\/\/zonaroja.com.mx\/index.php?rest_route=%2Fwp%2Fv2%2Fmedia&parent=55976"}],"wp:term":[{"taxonomy":"category","embeddable":true,"href":"https:\/\/zonaroja.com.mx\/index.php?rest_route=%2Fwp%2Fv2%2Fcategories&post=55976"},{"taxonomy":"post_tag","embeddable":true,"href":"https:\/\/zonaroja.com.mx\/index.php?rest_route=%2Fwp%2Fv2%2Ftags&post=55976"}],"curies":[{"name":"wp","href":"https:\/\/api.w.org\/{rel}","templated":true}]}}