{"id":55988,"date":"2023-06-02T22:53:45","date_gmt":"2023-06-03T03:53:45","guid":{"rendered":"http:\/\/www.zonaroja.com.mx\/?p=55988"},"modified":"2023-06-03T11:48:23","modified_gmt":"2023-06-03T16:48:23","slug":"hallan-mas-fraudes-en-el-instituto-de-estudios-de-bachillerato-de-oaxaca","status":"publish","type":"post","link":"https:\/\/zonaroja.com.mx\/?p=55988","title":{"rendered":"Hallan m\u00e1s fraudes en el Instituto de Estudios de Bachillerato de Oaxaca"},"content":{"rendered":"\n<p>Redacci\u00f3n\/Zona Roja.&nbsp;<\/p>\n\n\n\n<p>Oaxaca de Ju\u00e1rez, Oax, 2 de junio de 2023.- El gobierno de Oaxaca destac\u00f3 la aprehensi\u00f3n de Alejandro A. T., por el delito de Fraude por Simulaci\u00f3n en el&nbsp;Instituto de Estudios de Bachillerato de Oaxaca (IEBO), y revel\u00f3 otros probables actos de corrupci\u00f3n.<\/p>\n\n\n\n<p>En un comunicado, a trav\u00e9s de la Consejer\u00eda Jur\u00eddica, dijo tambi\u00e9n que&nbsp;quien fue su director Administrativo, fue vinculado a proceso hace un par de semanas, tras detectarse la transferencia de recursos a su cuenta personal, dinero que es del erario p\u00fablico.<\/p>\n\n\n\n<p>El titular de la Consejer\u00eda Jur\u00eddica y Asistencia Legal del Gobierno del Estado, Geovany V\u00e1squez Sagrero, reconoci\u00f3 el trabajo realizado por las autoridades judiciales de la entidad para lograr la detenci\u00f3n de Alejandro A.T.<\/p>\n\n\n\n<p>Record\u00f3 que el exservidor p\u00fablico de la administraci\u00f3n estatal pasada est\u00e1 acusado de presunto fraude y v\u00ednculo al llamado \u201cC\u00e1rtel de las Plazas\u201d.<\/p>\n\n\n\n<p>Adem\u00e1s, el actual detenido habr\u00eda permitido la creaci\u00f3n de manera irregular de un nuevo sindicato de trabajadores en detrimento del erario p\u00fablico.<\/p>\n\n\n\n<p>\u201cEstas denuncias forman parte de una investigaci\u00f3n realizada en torno al proceso de entrega-recepci\u00f3n en cada una de las \u00e1reas del Gobierno del Estado. Esta es una actividad que \u00e9l realiz\u00f3 de manera ilegal, el tipo penal se llama Fraude por Simulaci\u00f3n\u201d, dijo.<\/p>\n\n\n\n<p>Fue detenido este viernes por integrantes de la Agencia Estatal de Investigaciones (AEI) de la Fiscal\u00eda General del Estado de Oaxaca (FGEO) en un restaurante de la zona norte de la ciudad de Oaxaca de Ju\u00e1rez.<br><br>V\u00e1squez Sagrero detall\u00f3 que Alejandro A.T. presuntamente est\u00e1 vinculado con el denominado \u201cCartel de las Plazas\u201d en el IEBO donde se crearon un aproximado de 263 plazas irregulares.<\/p>\n\n\n\n<p>Como director del organismo no hizo nada en defensa del Estado, \u201csin tener una autorizaci\u00f3n de la Junta de Gobierno del IEBO y sin tener un techo presupuestal, \u00e9l sab\u00eda que ten\u00eda que defender los derechos del Estado; pero no lo hizo.<\/p>\n\n\n\n<p>Explic\u00f3 que, cuando surgi\u00f3 el nuevo sindicato primero promovi\u00f3 un medio de impugnaci\u00f3n y poco antes de iniciar el presente gobierno se desisti\u00f3, dejando a la nueva administraci\u00f3n sin medios de impugnaci\u00f3n para que pudieran entrar estas personas, con un consecuente desgaste al erario, sin partidas presupuestales, y esa carga presupuestal desde luego queda en perjuicio del Estado.<\/p>\n\n\n\n<p>El Consejero Jur\u00eddico y Asistente Legal afirm\u00f3 que la detenci\u00f3n de exservidores es una acci\u00f3n clara de que la administraci\u00f3n del gobernador Salom\u00f3n Jara Cruz no solapar\u00e1 los actos de corrupci\u00f3n que se detectan y que se han denunciado. <\/p>\n","protected":false},"excerpt":{"rendered":"<p>Redacci\u00f3n\/Zona Roja.&nbsp; Oaxaca de Ju\u00e1rez, Oax, 2 de junio de 2023.- El gobierno de Oaxaca&hellip;<\/p>\n","protected":false},"author":2,"featured_media":56012,"comment_status":"closed","ping_status":"open","sticky":false,"template":"","format":"standard","meta":{"_lmt_disableupdate":"","_lmt_disable":"","_jetpack_memberships_contains_paid_content":false,"footnotes":""},"categories":[109,47],"tags":[1771,2896],"class_list":["post-55988","post","type-post","status-publish","format-standard","has-post-thumbnail","hentry","category-minuto-a-minuto","category-zona-gris","tag-alejandro-aroche-tarasco","tag-instituto-de-estudios-de-bachillerato-iebo"],"jetpack_featured_media_url":"https:\/\/zonaroja.com.mx\/wp-content\/uploads\/2023\/06\/Alejandro-Aroche-tarasco.jpg","jetpack_sharing_enabled":true,"_links":{"self":[{"href":"https:\/\/zonaroja.com.mx\/index.php?rest_route=\/wp\/v2\/posts\/55988","targetHints":{"allow":["GET"]}}],"collection":[{"href":"https:\/\/zonaroja.com.mx\/index.php?rest_route=\/wp\/v2\/posts"}],"about":[{"href":"https:\/\/zonaroja.com.mx\/index.php?rest_route=\/wp\/v2\/types\/post"}],"author":[{"embeddable":true,"href":"https:\/\/zonaroja.com.mx\/index.php?rest_route=\/wp\/v2\/users\/2"}],"replies":[{"embeddable":true,"href":"https:\/\/zonaroja.com.mx\/index.php?rest_route=%2Fwp%2Fv2%2Fcomments&post=55988"}],"version-history":[{"count":1,"href":"https:\/\/zonaroja.com.mx\/index.php?rest_route=\/wp\/v2\/posts\/55988\/revisions"}],"predecessor-version":[{"id":55989,"href":"https:\/\/zonaroja.com.mx\/index.php?rest_route=\/wp\/v2\/posts\/55988\/revisions\/55989"}],"wp:featuredmedia":[{"embeddable":true,"href":"https:\/\/zonaroja.com.mx\/index.php?rest_route=\/wp\/v2\/media\/56012"}],"wp:attachment":[{"href":"https:\/\/zonaroja.com.mx\/index.php?rest_route=%2Fwp%2Fv2%2Fmedia&parent=55988"}],"wp:term":[{"taxonomy":"category","embeddable":true,"href":"https:\/\/zonaroja.com.mx\/index.php?rest_route=%2Fwp%2Fv2%2Fcategories&post=55988"},{"taxonomy":"post_tag","embeddable":true,"href":"https:\/\/zonaroja.com.mx\/index.php?rest_route=%2Fwp%2Fv2%2Ftags&post=55988"}],"curies":[{"name":"wp","href":"https:\/\/api.w.org\/{rel}","templated":true}]}}