{"id":55991,"date":"2023-06-03T09:03:30","date_gmt":"2023-06-03T14:03:30","guid":{"rendered":"http:\/\/www.zonaroja.com.mx\/?p=55991"},"modified":"2023-06-03T11:49:00","modified_gmt":"2023-06-03T16:49:00","slug":"otro-ejecutado-en-el-istmo-y-menor-atacado-a-balazos-grave-de-salud","status":"publish","type":"post","link":"https:\/\/zonaroja.com.mx\/?p=55991","title":{"rendered":"Otro ejecutado en el Istmo; y menor atacado a balazos, grave de salud"},"content":{"rendered":"\n<p>Redacci\u00f3n\/Zona Roja.<\/p>\n\n\n\n<p>Oaxaca de Ju\u00e1rez, Oax., a 3 de junio de 2023.- Otra persona fue ejecutada a balazos en la regi\u00f3n del Istmo de Tehuantepec y ahora fue en el municipio de Salina Cruz, donde gobierna el edil morenista Daniel M\u00e9ndez Sosa.<\/p>\n\n\n\n<p>De acuerdo con los primeros datos, el cuerpo fue localizado esta ma\u00f1ana a un costado de la carretera federal 200, cerca del mirador de dicho municipio y hasta el momento no ha sido identificado.<\/p>\n\n\n\n<p>Por otra parte, el menor de ocho a\u00f1os de edad atacado a balazos en Mat\u00edas Romero Avenda\u00f1o, municipio de la regi\u00f3n del Istmo de Oaxaca, se encuentra delicado de salud, reportaron las autoridades.<\/p>\n\n\n\n<p>Hasta el momento no hay datos precisos de los agresores, que presuntamente viajaban en una motocicleta y dispararon ayer por la tarde en contra de Juan F. S. P., en un domicilio de la colonia L\u00e1zaro C\u00e1rdenas.<\/p>\n\n\n\n<p>Ante la ausencia de polic\u00edas municipales y estatales en las calles de ese municipio, uno de los m\u00e1s violentos del estado, los atacantes lograron darse a la fuga, pese al intento de los familiares de alcanzarlos.<\/p>\n\n\n\n<p>Mientras tanto, el menor lesionado fue llevado en un veh\u00edculo particular a una cl\u00ednica local.<\/p>\n\n\n\n<p>Personal de la Vicefiscal\u00eda Regional del Istmo inici\u00f3 la Carpeta de Investigaci\u00f3n correspondiente para dar con el paradero de los maleantes.<\/p>\n","protected":false},"excerpt":{"rendered":"<p>Redacci\u00f3n\/Zona Roja. Oaxaca de Ju\u00e1rez, Oax., a 3 de junio de 2023.- Otra persona fue&hellip;<\/p>\n","protected":false},"author":2,"featured_media":50335,"comment_status":"closed","ping_status":"open","sticky":false,"template":"","format":"standard","meta":{"_lmt_disableupdate":"","_lmt_disable":"","_jetpack_memberships_contains_paid_content":false,"footnotes":""},"categories":[1,51],"tags":[168],"class_list":["post-55991","post","type-post","status-publish","format-standard","has-post-thumbnail","hentry","category-sin-categoria","category-zona-roja","tag-salina-cruz"],"jetpack_featured_media_url":"https:\/\/zonaroja.com.mx\/wp-content\/uploads\/2023\/01\/Balazos-violencia-casquillos-escena.jpeg","jetpack_sharing_enabled":true,"_links":{"self":[{"href":"https:\/\/zonaroja.com.mx\/index.php?rest_route=\/wp\/v2\/posts\/55991","targetHints":{"allow":["GET"]}}],"collection":[{"href":"https:\/\/zonaroja.com.mx\/index.php?rest_route=\/wp\/v2\/posts"}],"about":[{"href":"https:\/\/zonaroja.com.mx\/index.php?rest_route=\/wp\/v2\/types\/post"}],"author":[{"embeddable":true,"href":"https:\/\/zonaroja.com.mx\/index.php?rest_route=\/wp\/v2\/users\/2"}],"replies":[{"embeddable":true,"href":"https:\/\/zonaroja.com.mx\/index.php?rest_route=%2Fwp%2Fv2%2Fcomments&post=55991"}],"version-history":[{"count":1,"href":"https:\/\/zonaroja.com.mx\/index.php?rest_route=\/wp\/v2\/posts\/55991\/revisions"}],"predecessor-version":[{"id":55992,"href":"https:\/\/zonaroja.com.mx\/index.php?rest_route=\/wp\/v2\/posts\/55991\/revisions\/55992"}],"wp:featuredmedia":[{"embeddable":true,"href":"https:\/\/zonaroja.com.mx\/index.php?rest_route=\/wp\/v2\/media\/50335"}],"wp:attachment":[{"href":"https:\/\/zonaroja.com.mx\/index.php?rest_route=%2Fwp%2Fv2%2Fmedia&parent=55991"}],"wp:term":[{"taxonomy":"category","embeddable":true,"href":"https:\/\/zonaroja.com.mx\/index.php?rest_route=%2Fwp%2Fv2%2Fcategories&post=55991"},{"taxonomy":"post_tag","embeddable":true,"href":"https:\/\/zonaroja.com.mx\/index.php?rest_route=%2Fwp%2Fv2%2Ftags&post=55991"}],"curies":[{"name":"wp","href":"https:\/\/api.w.org\/{rel}","templated":true}]}}