{"id":55996,"date":"2023-06-03T10:30:41","date_gmt":"2023-06-03T15:30:41","guid":{"rendered":"http:\/\/www.zonaroja.com.mx\/?p=55996"},"modified":"2023-06-03T11:46:01","modified_gmt":"2023-06-03T16:46:01","slug":"denuncian-que-secretaria-del-trabajo-del-gobierno-de-jara-sigue-cobrando-en-el-ieepo","status":"publish","type":"post","link":"https:\/\/zonaroja.com.mx\/?p=55996","title":{"rendered":"Denuncian que secretaria del Trabajo del gobierno de Jara sigue cobrando en el IEEPO"},"content":{"rendered":"\n<p>Redacci\u00f3n\/Zona Roja.<\/p>\n\n\n\n<p>Oaxaca de Ju\u00e1rez, Oax., a 3 de junio de 2023.- Edith Santib\u00e1\u00f1ez Boh\u00f3rquez, actual titular de la Secretar\u00eda del Trabajo del gobierno de Salom\u00f3n Jara Cruz, ostenta al menos tres plazas en el Instituto Estatal de Educaci\u00f3n P\u00fablica de Oaxaca (IEEPO), donde a\u00fan sigue cobrando, denunciaron trabajadores.<\/p>\n\n\n\n<p>De acuerdo con los documentos que proporcionaron, la funcionaria, militante del Partido del Trabajo, es protegida por el director del IEEPO, Emilio Montero P\u00e9rez, quien autoriz\u00f3 que continuara cobrando su sueldo, pese a que es funcionaria del gobierno de la llamada \u201cPrimavera oaxaque\u00f1a\u201d.<\/p>\n\n\n\n<p>Aunado a ello, Edith Santib\u00e1\u00f1ez Boh\u00f3rquez pretende hacerse del control financiero de la Coordinaci\u00f3n del Servicio Nacional de Empleo y el Instituto de Capacitaci\u00f3n y Productividad para el Trabajo del Estado de Oaxaca.<\/p>\n\n\n\n<p>La plataforma nacional de transparencia arroja que, en el a\u00f1o 2021, la profesora cobr\u00f3 por la plaza de Coordinadora de Proyectos y Servicios Culturales, as\u00ed como por las dos plazas que posee de profesora de ense\u00f1anza secundaria for\u00e1nea, un total de 218 mil 260.95 pesos.<\/p>\n\n\n\n<p>Pero la mitad de ese a\u00f1o, Edith Santib\u00e1\u00f1ez se la pas\u00f3 en su fracasada campa\u00f1a para diputada local, es decir, hac\u00eda proselitismo pol\u00edtico mientras cobraba tranquilamente sus plazas del IEEPO, delito penado por la ley.<\/p>\n\n\n\n<p>En el 2022, Edith Santib\u00e1\u00f1ez sigui\u00f3 cobrando en el IEEPO sin trabajar, lapso en que estuvo metida en la campa\u00f1a a la gubernatura de Salom\u00f3n Jara y sigui\u00f3 cobrando en los meses previos al 1 de diciembre de 2022, y todav\u00eda m\u00e1s, cobr\u00f3 diciembre en el Instituto ya siendo secretaria del Trabajo. En total ese a\u00f1o cobr\u00f3 253 mil 654.29 pesos.<\/p>\n\n\n\n<p>De acuerdo con la denuncia de los trabajadores, en el presente a\u00f1o 2023 ha seguido cobrando en el IEEPO tal y como puede constatarse en la Plataforma Nacional de Transparencia, donde se resalta que ha recibido de enero a marzo 40 mil 633.00 pesos.<\/p>\n\n\n\n<p>La suma de lo cobrado por Edith Santib\u00e1\u00f1ez, en los a\u00f1os 2021 y 2022, donde estuvo involucrada en procesos electorales con sueldo del IEEPO y ya siendo en diciembre secretaria del Trabajo, m\u00e1s lo que lleva cobrando en el 2023 por parte del Instituto suma un total de 512 mil 549.04 pesos.<\/p>\n","protected":false},"excerpt":{"rendered":"<p>Redacci\u00f3n\/Zona Roja. Oaxaca de Ju\u00e1rez, Oax., a 3 de junio de 2023.- Edith Santib\u00e1\u00f1ez Boh\u00f3rquez,&hellip;<\/p>\n","protected":false},"author":2,"featured_media":56005,"comment_status":"closed","ping_status":"open","sticky":false,"template":"","format":"standard","meta":{"_lmt_disableupdate":"","_lmt_disable":"","_jetpack_memberships_contains_paid_content":false,"footnotes":""},"categories":[109,47],"tags":[3567],"class_list":["post-55996","post","type-post","status-publish","format-standard","has-post-thumbnail","hentry","category-minuto-a-minuto","category-zona-gris","tag-edith-santibanez-bohorquez"],"jetpack_featured_media_url":"https:\/\/zonaroja.com.mx\/wp-content\/uploads\/2023\/06\/Edith-Santibanez-Bohorquez-cobra-en-IEEPO.jpg","jetpack_sharing_enabled":true,"_links":{"self":[{"href":"https:\/\/zonaroja.com.mx\/index.php?rest_route=\/wp\/v2\/posts\/55996","targetHints":{"allow":["GET"]}}],"collection":[{"href":"https:\/\/zonaroja.com.mx\/index.php?rest_route=\/wp\/v2\/posts"}],"about":[{"href":"https:\/\/zonaroja.com.mx\/index.php?rest_route=\/wp\/v2\/types\/post"}],"author":[{"embeddable":true,"href":"https:\/\/zonaroja.com.mx\/index.php?rest_route=\/wp\/v2\/users\/2"}],"replies":[{"embeddable":true,"href":"https:\/\/zonaroja.com.mx\/index.php?rest_route=%2Fwp%2Fv2%2Fcomments&post=55996"}],"version-history":[{"count":1,"href":"https:\/\/zonaroja.com.mx\/index.php?rest_route=\/wp\/v2\/posts\/55996\/revisions"}],"predecessor-version":[{"id":55997,"href":"https:\/\/zonaroja.com.mx\/index.php?rest_route=\/wp\/v2\/posts\/55996\/revisions\/55997"}],"wp:featuredmedia":[{"embeddable":true,"href":"https:\/\/zonaroja.com.mx\/index.php?rest_route=\/wp\/v2\/media\/56005"}],"wp:attachment":[{"href":"https:\/\/zonaroja.com.mx\/index.php?rest_route=%2Fwp%2Fv2%2Fmedia&parent=55996"}],"wp:term":[{"taxonomy":"category","embeddable":true,"href":"https:\/\/zonaroja.com.mx\/index.php?rest_route=%2Fwp%2Fv2%2Fcategories&post=55996"},{"taxonomy":"post_tag","embeddable":true,"href":"https:\/\/zonaroja.com.mx\/index.php?rest_route=%2Fwp%2Fv2%2Ftags&post=55996"}],"curies":[{"name":"wp","href":"https:\/\/api.w.org\/{rel}","templated":true}]}}