{"id":55998,"date":"2023-06-04T13:19:00","date_gmt":"2023-06-04T18:19:00","guid":{"rendered":"http:\/\/www.zonaroja.com.mx\/?p=55998"},"modified":"2023-06-04T13:48:47","modified_gmt":"2023-06-04T18:48:47","slug":"siguen-las-omisiones-en-el-ieepo-ahora-no-paga-a-maestros-del-ingles-proni","status":"publish","type":"post","link":"https:\/\/zonaroja.com.mx\/?p=55998","title":{"rendered":"Siguen las omisiones en el IEEPO, ahora no paga a maestros del ingl\u00e9s Proni"},"content":{"rendered":"\n<p>Redacci\u00f3n\/Zona Roja.<\/p>\n\n\n\n<p>Oaxaca de Ju\u00e1rez, Oax., a 4 de junio de 2023.- Docentes del Programa Nacional de Ingl\u00e9s (Proni) en Oaxaca exigieron al titular del Instituto Estatal de Educaci\u00f3n P\u00fablica de Oaxaca (IEEPO), Emilio Montero P\u00e9rez, el pago de sus quincenas de marzo a mayo.<\/p>\n\n\n\n<p>Por medio de movilizaciones nacionales y hasta por redes sociales, los \u201cTeachers Proni\u201d \u2014como se conocen\u2014 demandan el cumplimiento de tres meses de salarios, ya devengados, el cual se hab\u00eda prometido emitir el pasado 30 de mayo.<\/p>\n\n\n\n<p>Ante esta situaci\u00f3n, los afectados en Oaxaca demandaron la atenci\u00f3n del gobernador Salom\u00f3n Jara Cruz, pues temen que el problema se extienda otra quincena, lo cual se suma a la cadena de abusos que se ha tenido contra estos docentes.<\/p>\n\n\n\n<p>En enero, los integrantes de este programa denunciaron la falta de atenci\u00f3n de Emilio Montero para su recontrataci\u00f3n, pues el periodo para hacer el tr\u00e1mite se agotaba sin contar con avances, por lo que ahora la ausencia de sus pagos se suma a la omisi\u00f3n del gobierno contra este grupo de docentes.<\/p>\n","protected":false},"excerpt":{"rendered":"<p>Redacci\u00f3n\/Zona Roja. Oaxaca de Ju\u00e1rez, Oax., a 4 de junio de 2023.- Docentes del Programa&hellip;<\/p>\n","protected":false},"author":2,"featured_media":56007,"comment_status":"closed","ping_status":"open","sticky":false,"template":"","format":"standard","meta":{"_lmt_disableupdate":"","_lmt_disable":"","_jetpack_memberships_contains_paid_content":false,"footnotes":""},"categories":[109,47],"tags":[2837],"class_list":["post-55998","post","type-post","status-publish","format-standard","has-post-thumbnail","hentry","category-minuto-a-minuto","category-zona-gris","tag-instituto-estatal-de-educacion-publica-de-oaxaca-ieepo"],"jetpack_featured_media_url":"https:\/\/zonaroja.com.mx\/wp-content\/uploads\/2023\/06\/Emilio-Montero-Perez-1.jpeg","jetpack_sharing_enabled":true,"_links":{"self":[{"href":"https:\/\/zonaroja.com.mx\/index.php?rest_route=\/wp\/v2\/posts\/55998","targetHints":{"allow":["GET"]}}],"collection":[{"href":"https:\/\/zonaroja.com.mx\/index.php?rest_route=\/wp\/v2\/posts"}],"about":[{"href":"https:\/\/zonaroja.com.mx\/index.php?rest_route=\/wp\/v2\/types\/post"}],"author":[{"embeddable":true,"href":"https:\/\/zonaroja.com.mx\/index.php?rest_route=\/wp\/v2\/users\/2"}],"replies":[{"embeddable":true,"href":"https:\/\/zonaroja.com.mx\/index.php?rest_route=%2Fwp%2Fv2%2Fcomments&post=55998"}],"version-history":[{"count":2,"href":"https:\/\/zonaroja.com.mx\/index.php?rest_route=\/wp\/v2\/posts\/55998\/revisions"}],"predecessor-version":[{"id":56053,"href":"https:\/\/zonaroja.com.mx\/index.php?rest_route=\/wp\/v2\/posts\/55998\/revisions\/56053"}],"wp:featuredmedia":[{"embeddable":true,"href":"https:\/\/zonaroja.com.mx\/index.php?rest_route=\/wp\/v2\/media\/56007"}],"wp:attachment":[{"href":"https:\/\/zonaroja.com.mx\/index.php?rest_route=%2Fwp%2Fv2%2Fmedia&parent=55998"}],"wp:term":[{"taxonomy":"category","embeddable":true,"href":"https:\/\/zonaroja.com.mx\/index.php?rest_route=%2Fwp%2Fv2%2Fcategories&post=55998"},{"taxonomy":"post_tag","embeddable":true,"href":"https:\/\/zonaroja.com.mx\/index.php?rest_route=%2Fwp%2Fv2%2Ftags&post=55998"}],"curies":[{"name":"wp","href":"https:\/\/api.w.org\/{rel}","templated":true}]}}