{"id":56001,"date":"2023-06-03T12:27:00","date_gmt":"2023-06-03T17:27:00","guid":{"rendered":"http:\/\/www.zonaroja.com.mx\/?p=56001"},"modified":"2023-06-03T11:28:50","modified_gmt":"2023-06-03T16:28:50","slug":"congreso-de-la-union-exhorta-a-jara-a-erradicar-violencia-contra-mujeres","status":"publish","type":"post","link":"https:\/\/zonaroja.com.mx\/?p=56001","title":{"rendered":"Congreso de la Uni\u00f3n exhorta a Jara a erradicar violencia contra mujeres\u00a0"},"content":{"rendered":"\n<p>Yuridiana Sosa\/Zona Roja.<\/p>\n\n\n\n<p>Oaxaca de Ju\u00e1rez, Oax., a 3 de junio de 2023.- Los altos \u00edndices de violencia contra las mujeres, particularmente los feminicidios ocurridos a inicios de a\u00f1o, causaron eco en el Congreso de la Uni\u00f3n, desde donde emitieron un exhorto al gobernador de Oaxaca, Salom\u00f3n Jara Cruz, para erradicar tan cruel escenario.<\/p>\n\n\n\n<p>La Comisi\u00f3n Permanente llam\u00f3 al morenista a garantizar los derechos a la vida, integridad personal de las v\u00edctimas, y de su deber de prevenir la violencia contra las mujeres; esto luego de una alarmante cifra de 10 feminicidios en enero, que coloc\u00f3 a Oaxaca en primer lugar a nivel nacional.<\/p>\n\n\n\n<p>As\u00ed tambi\u00e9n, los diputados de la 65 legislatura federal exhortaron al gobernador de Oaxaca a fortalecer a los centros de justicia y refugios para las mujeres.<\/p>\n\n\n\n<p>El acuerdo, emitido el pasado 24 de mayo, fue propuesto por la diputada del Partido Acci\u00f3n Nacional, Ana Mar\u00eda Esquivel Arrona, con el fin de que en Oaxaca se garanticen los derechos a la vida e integridad de las mujeres, as\u00ed como prevenir y erradicar la violencia en raz\u00f3n de g\u00e9nero.<\/p>\n\n\n\n<p>Para emitir este exhorto, la legisladora expuso datos del Secretariado de Ejecutivo del Sistema Nacional de Seguridad P\u00fablica, as\u00ed como de la plataforma de violencia feminicida de Consorcio para el Di\u00e1logo Parlamentario y la Equidad.<\/p>\n\n\n\n<p>M\u00c1S FEMINICIDIOS<\/p>\n\n\n\n<p>Apenas este 1 de junio se volvi\u00f3 a registrar otro feminicidio en Oaxaca, ocurrido en la colonia Loma Linda de la capital del estado.<\/p>\n\n\n\n<p>La v\u00edctima, Genoveva L. F, fue presuntamente asesinada por su pareja, identificado como \u00d3scar C. R., de 55 a\u00f1os de edad, con varios disparos de arma de fuego; el hombre huy\u00f3.<\/p>\n\n\n\n<p>La Fiscal\u00eda General del Estado de Oaxaca inform\u00f3 que inici\u00f3 la Carpeta de Investigaci\u00f3n correspondiente por el delito de feminicidio y bajo los protocolos de perspectiva de g\u00e9nero.<\/p>\n\n\n\n<p>A este hecho se suma el ocurrido el fin de semana anterior, en jurisdicci\u00f3n de San Andr\u00e9s Cabecera Nueva, municipio de la regi\u00f3n Mixteca.<\/p>\n\n\n\n<p>La mujer, identificada como Maribel R. S., de 27 a\u00f1os de edad, fue ultimada a balazos luego de quedar varada en un camino de terracer\u00eda al descomponerse la moto en la que viajaba con su pareja Agripino N. G., quien durante los hechos hab\u00eda ido en busca de auxilio para la reparaci\u00f3n de la unidad.<\/p>\n\n\n\n<p>Con estos hechos, se sumar\u00edan 60 feminicidios en Oaxaca en la administraci\u00f3n de Salom\u00f3n Jara entre el 1 de diciembre de 2022 al 25 de mayo de 2023, de los que 45 corresponden a hechos del 2023.<\/p>\n\n\n\n<p>Hasta el 25 de mayo, el Centro de Documentaci\u00f3n del Grupo de Estudios sobre la Mujer \u201cRosario Castellanos\u201d (Ges Mujer), hab\u00eda documentado 58.<\/p>\n\n\n\n<p>En tanto que, Causa en Com\u00fan public\u00f3 que los estados con m\u00e1s feminicidios en el primer trimestre de 2023 son Estado de M\u00e9xico con un total de 25; le siguen Oaxaca con 23 v\u00edctimas; Veracruz con 19, Nuevo Le\u00f3n con 15 y la Ciudad de M\u00e9xico con 14 v\u00edctimas.<\/p>\n","protected":false},"excerpt":{"rendered":"<p>Yuridiana Sosa\/Zona Roja. Oaxaca de Ju\u00e1rez, Oax., a 3 de junio de 2023.- Los altos&hellip;<\/p>\n","protected":false},"author":2,"featured_media":52238,"comment_status":"closed","ping_status":"open","sticky":false,"template":"","format":"standard","meta":{"_lmt_disableupdate":"","_lmt_disable":"","_jetpack_memberships_contains_paid_content":false,"footnotes":""},"categories":[109,47],"tags":[610],"class_list":["post-56001","post","type-post","status-publish","format-standard","has-post-thumbnail","hentry","category-minuto-a-minuto","category-zona-gris","tag-feminicidios-oaxaca"],"jetpack_featured_media_url":"https:\/\/zonaroja.com.mx\/wp-content\/uploads\/2023\/03\/Violencia-mujeres-feminicidios-Oaxaca.jpg","jetpack_sharing_enabled":true,"_links":{"self":[{"href":"https:\/\/zonaroja.com.mx\/index.php?rest_route=\/wp\/v2\/posts\/56001","targetHints":{"allow":["GET"]}}],"collection":[{"href":"https:\/\/zonaroja.com.mx\/index.php?rest_route=\/wp\/v2\/posts"}],"about":[{"href":"https:\/\/zonaroja.com.mx\/index.php?rest_route=\/wp\/v2\/types\/post"}],"author":[{"embeddable":true,"href":"https:\/\/zonaroja.com.mx\/index.php?rest_route=\/wp\/v2\/users\/2"}],"replies":[{"embeddable":true,"href":"https:\/\/zonaroja.com.mx\/index.php?rest_route=%2Fwp%2Fv2%2Fcomments&post=56001"}],"version-history":[{"count":1,"href":"https:\/\/zonaroja.com.mx\/index.php?rest_route=\/wp\/v2\/posts\/56001\/revisions"}],"predecessor-version":[{"id":56002,"href":"https:\/\/zonaroja.com.mx\/index.php?rest_route=\/wp\/v2\/posts\/56001\/revisions\/56002"}],"wp:featuredmedia":[{"embeddable":true,"href":"https:\/\/zonaroja.com.mx\/index.php?rest_route=\/wp\/v2\/media\/52238"}],"wp:attachment":[{"href":"https:\/\/zonaroja.com.mx\/index.php?rest_route=%2Fwp%2Fv2%2Fmedia&parent=56001"}],"wp:term":[{"taxonomy":"category","embeddable":true,"href":"https:\/\/zonaroja.com.mx\/index.php?rest_route=%2Fwp%2Fv2%2Fcategories&post=56001"},{"taxonomy":"post_tag","embeddable":true,"href":"https:\/\/zonaroja.com.mx\/index.php?rest_route=%2Fwp%2Fv2%2Ftags&post=56001"}],"curies":[{"name":"wp","href":"https:\/\/api.w.org\/{rel}","templated":true}]}}