{"id":5601,"date":"2019-11-10T07:43:17","date_gmt":"2019-11-10T13:43:17","guid":{"rendered":"http:\/\/www.zonaroja.com.mx\/?p=5601"},"modified":"2019-11-10T07:43:20","modified_gmt":"2019-11-10T13:43:20","slug":"ejecutan-a-diputado-priista-de-veracruz-que-denuncio-trafico-de-reses","status":"publish","type":"post","link":"https:\/\/zonaroja.com.mx\/?p=5601","title":{"rendered":"Ejecutan a diputado priista de Veracruz que denunci\u00f3 tr\u00e1fico de reses"},"content":{"rendered":"\n<p>Redacci\u00f3n\/Zona\nRoja Cdmx.<\/p>\n\n\n\n<p>Ciudad\nde M\u00e9xico, 10 de noviembre de 2019.- Un diputado local por Veracruz y dirigente\ncampesino priista fue ejecutado la noche del s\u00e1bado afuera de su rancho, en el\nmunicipio de Medell\u00edn de Bravo.<\/p>\n\n\n\n<p>Se\ntrata de Juan Carlos Molina Palacios, legislador del PRI en Veracruz, dirigente\nde la Confederaci\u00f3n Nacional Campesina (CNC) y defensor de los ganaderos.<\/p>\n\n\n\n<p>De\nacuerdo con el diario \u201cEl Herlado de M\u00e9xico\u201d, el diputado ya hab\u00eda denunciado el\ncontrabando de ganado que se lleva a cabo desde Centroam\u00e9rica, a trav\u00e9s de la\nfrontera sur, y que representa un grave riesgo para la econom\u00eda y salud del\npa\u00eds.<\/p>\n\n\n\n<p>Durante\nuna entrevista con Sof\u00eda Garc\u00eda y Alejandro S\u00e1nchez, para Informativo \u201cEl\nHeraldo Fin de Semana\u201d, el 13 de octubre, el legislador se\u00f1al\u00f3 que al menos un\nmill\u00f3n de cabezas de ganado pasan por la frontera de Chiapas, sin ning\u00fan\ncontrol.<\/p>\n\n\n\n<p>Acus\u00f3,\nen ese entonces, que los responsables de este tr\u00e1fico ilegal de ganado eran\n\u201clas empresas engordadoras\u201d que compraban a bajo precio los animales para luego\nrevenderlos a Estados Unidos.<\/p>\n\n\n\n<p>Como\ndiputado, exigi\u00f3 en m\u00e1s de una ocasi\u00f3n a las autoridades federales y estatales\natender este problema, as\u00ed como la inseguridad.<\/p>\n\n\n\n<p>El\ns\u00e1bado, cuando sal\u00eda de su rancho, fue atacado por desconocidos, que dispararon\nen repetidas ocasiones contra Molina Palacios, quien muri\u00f3 en el ataque dentro\nde su veh\u00edculo.<\/p>\n\n\n\n<p>DESCARTAN\nIMPUNIDAD<\/p>\n\n\n\n<p>El\ngobernador de Veracruz, Cuitl\u00e1huac Garc\u00eda conden\u00f3 \u201cel lamentable y cobarde\u201d\ncrimen perpetrado contra el priista, mediante un mensaje en redes sociales, y\nadvirti\u00f3 se va a dar con los culpables.<\/p>\n\n\n\n<p>\u201cSe\nequivocan quienes atentan contra la vida de las personas y creen que dichos\nactos van a quedar impunes. Que les quede claro a los delincuentes: en Veracruz\nya no hay quien los encubra\u201d, afirm\u00f3.<\/p>\n\n\n\n<p>La\nCNC tambi\u00e9n lament\u00f3 el crimen cometido contra su dirigente en Veracruz.<\/p>\n\n\n\n<p>En\nla actual LXV Legislatura del Congreso de Veracruz, Molina Palacios se\ndesempe\u00f1aba como diputado sin bancada, enfocando su labor en el \u00e1mbito agropecuario.<\/p>\n","protected":false},"excerpt":{"rendered":"<p>Redacci\u00f3n\/Zona Roja Cdmx. Ciudad de M\u00e9xico, 10 de noviembre de 2019.- Un diputado local por&hellip;<\/p>\n","protected":false},"author":2,"featured_media":5602,"comment_status":"closed","ping_status":"open","sticky":false,"template":"","format":"standard","meta":{"_lmt_disableupdate":"","_lmt_disable":"","_jetpack_memberships_contains_paid_content":false,"footnotes":""},"categories":[109,51],"tags":[988],"class_list":["post-5601","post","type-post","status-publish","format-standard","has-post-thumbnail","hentry","category-minuto-a-minuto","category-zona-roja","tag-diputado-veracruz-juan-carlos-molina"],"jetpack_featured_media_url":"https:\/\/zonaroja.com.mx\/wp-content\/uploads\/2019\/11\/Diputado-Veracruz.jpg","jetpack_sharing_enabled":true,"_links":{"self":[{"href":"https:\/\/zonaroja.com.mx\/index.php?rest_route=\/wp\/v2\/posts\/5601","targetHints":{"allow":["GET"]}}],"collection":[{"href":"https:\/\/zonaroja.com.mx\/index.php?rest_route=\/wp\/v2\/posts"}],"about":[{"href":"https:\/\/zonaroja.com.mx\/index.php?rest_route=\/wp\/v2\/types\/post"}],"author":[{"embeddable":true,"href":"https:\/\/zonaroja.com.mx\/index.php?rest_route=\/wp\/v2\/users\/2"}],"replies":[{"embeddable":true,"href":"https:\/\/zonaroja.com.mx\/index.php?rest_route=%2Fwp%2Fv2%2Fcomments&post=5601"}],"version-history":[{"count":1,"href":"https:\/\/zonaroja.com.mx\/index.php?rest_route=\/wp\/v2\/posts\/5601\/revisions"}],"predecessor-version":[{"id":5603,"href":"https:\/\/zonaroja.com.mx\/index.php?rest_route=\/wp\/v2\/posts\/5601\/revisions\/5603"}],"wp:featuredmedia":[{"embeddable":true,"href":"https:\/\/zonaroja.com.mx\/index.php?rest_route=\/wp\/v2\/media\/5602"}],"wp:attachment":[{"href":"https:\/\/zonaroja.com.mx\/index.php?rest_route=%2Fwp%2Fv2%2Fmedia&parent=5601"}],"wp:term":[{"taxonomy":"category","embeddable":true,"href":"https:\/\/zonaroja.com.mx\/index.php?rest_route=%2Fwp%2Fv2%2Fcategories&post=5601"},{"taxonomy":"post_tag","embeddable":true,"href":"https:\/\/zonaroja.com.mx\/index.php?rest_route=%2Fwp%2Fv2%2Ftags&post=5601"}],"curies":[{"name":"wp","href":"https:\/\/api.w.org\/{rel}","templated":true}]}}