{"id":56015,"date":"2023-06-03T12:49:00","date_gmt":"2023-06-03T17:49:00","guid":{"rendered":"http:\/\/www.zonaroja.com.mx\/?p=56015"},"modified":"2023-06-03T14:11:51","modified_gmt":"2023-06-03T19:11:51","slug":"detienen-a-dos-presuntos-responsables-de-crimen-de-transportista-en-oaxaca","status":"publish","type":"post","link":"https:\/\/zonaroja.com.mx\/?p=56015","title":{"rendered":"Detienen a dos presuntos responsables de crimen de transportista en Oaxaca"},"content":{"rendered":"\n<p>Redacci\u00f3n\/Zona Roja.<\/p>\n\n\n\n<p>Oaxaca de Ju\u00e1rez, Oax., a 3 de junio de 2023.- Tras el asesinato del chofer y el robo de un cami\u00f3n de transporte de materiales en jurisdicci\u00f3n de Tlacolula de Matamoros, la Fiscal\u00eda General del Estado de Oaxaca inform\u00f3 que detuvo a dos probables responsables del homicidio.<\/p>\n\n\n\n<p>Como se inform\u00f3, ayer por la ma\u00f1ana fue asaltado con violencia el chofer de un cami\u00f3n tipo volteo, identificado como Alex S. G., de 21 a\u00f1os de edad, y tras ello, los presuntos criminales huyeron con la unidad de motor con rumbo a la zona Mixe del estado.<\/p>\n\n\n\n<p>Tras alertar a las autoridades, el veh\u00edculo fue localizado en el municipio de Santo Domingo Tepuxtepec Mixe, donde fue asegurado, y dos hombres fueron detenidos pues viajaban a bordo del cami\u00f3n.<\/p>\n\n\n\n<p>Las dos personas detenidas ser\u00e1n puestas a disposici\u00f3n del Ministerio P\u00fablico para que, a su vez, los lleve frente al Juez para que resuelva su situaci\u00f3n juridica en las pr\u00f3ximas horas.<\/p>\n\n\n\n<p>Los probables responsables del crimen y del robo fueron identificados como Sixto M. A., de 36 a\u00f1os de edad, con domicilio en el fraccionamiento Rancho Valle de Lago de Tlacolula, originario del Estado M\u00e9xico, y Edmundo C. C., de 41 a\u00f1os de edad, con domicilio en San Dionicio Ocotepec. <\/p>\n","protected":false},"excerpt":{"rendered":"<p>Redacci\u00f3n\/Zona Roja. Oaxaca de Ju\u00e1rez, Oax., a 3 de junio de 2023.- Tras el asesinato&hellip;<\/p>\n","protected":false},"author":2,"featured_media":56011,"comment_status":"closed","ping_status":"open","sticky":false,"template":"","format":"standard","meta":{"_lmt_disableupdate":"","_lmt_disable":"","_jetpack_memberships_contains_paid_content":false,"footnotes":""},"categories":[109,46],"tags":[494],"class_list":["post-56015","post","type-post","status-publish","format-standard","has-post-thumbnail","hentry","category-minuto-a-minuto","category-zona-blanca","tag-fiscalia-general-del-estado-de-oaxaca"],"jetpack_featured_media_url":"https:\/\/zonaroja.com.mx\/wp-content\/uploads\/2023\/06\/Vehiculo-recuperado-detenidos-asesinato-Tanivet-transportista.jpg","jetpack_sharing_enabled":true,"_links":{"self":[{"href":"https:\/\/zonaroja.com.mx\/index.php?rest_route=\/wp\/v2\/posts\/56015","targetHints":{"allow":["GET"]}}],"collection":[{"href":"https:\/\/zonaroja.com.mx\/index.php?rest_route=\/wp\/v2\/posts"}],"about":[{"href":"https:\/\/zonaroja.com.mx\/index.php?rest_route=\/wp\/v2\/types\/post"}],"author":[{"embeddable":true,"href":"https:\/\/zonaroja.com.mx\/index.php?rest_route=\/wp\/v2\/users\/2"}],"replies":[{"embeddable":true,"href":"https:\/\/zonaroja.com.mx\/index.php?rest_route=%2Fwp%2Fv2%2Fcomments&post=56015"}],"version-history":[{"count":2,"href":"https:\/\/zonaroja.com.mx\/index.php?rest_route=\/wp\/v2\/posts\/56015\/revisions"}],"predecessor-version":[{"id":56037,"href":"https:\/\/zonaroja.com.mx\/index.php?rest_route=\/wp\/v2\/posts\/56015\/revisions\/56037"}],"wp:featuredmedia":[{"embeddable":true,"href":"https:\/\/zonaroja.com.mx\/index.php?rest_route=\/wp\/v2\/media\/56011"}],"wp:attachment":[{"href":"https:\/\/zonaroja.com.mx\/index.php?rest_route=%2Fwp%2Fv2%2Fmedia&parent=56015"}],"wp:term":[{"taxonomy":"category","embeddable":true,"href":"https:\/\/zonaroja.com.mx\/index.php?rest_route=%2Fwp%2Fv2%2Fcategories&post=56015"},{"taxonomy":"post_tag","embeddable":true,"href":"https:\/\/zonaroja.com.mx\/index.php?rest_route=%2Fwp%2Fv2%2Ftags&post=56015"}],"curies":[{"name":"wp","href":"https:\/\/api.w.org\/{rel}","templated":true}]}}