{"id":56024,"date":"2023-06-03T18:20:00","date_gmt":"2023-06-03T23:20:00","guid":{"rendered":"http:\/\/www.zonaroja.com.mx\/?p=56024"},"modified":"2023-06-03T12:25:55","modified_gmt":"2023-06-03T17:25:55","slug":"del-mazo-y-del-moreal-habrian-creado-red-de-empresas-fantasma-the-guardian","status":"publish","type":"post","link":"https:\/\/zonaroja.com.mx\/?p=56024","title":{"rendered":"Del Mazo y Del Moreal habr\u00edan creado red de empresas \u201cfantasma\u201d: \u201cThe Guardian\u201d"},"content":{"rendered":"\n<p>Redacci\u00f3n\/Zona Roja Cdmx.<\/p>\n\n\n\n<p>Ciudad de M\u00e9xico, a 3 de junio de 2023.- A escasos d\u00edas de que se lleve a cabo la elecci\u00f3n a la gubernatura del Estado de M\u00e9xico, una investigaci\u00f3n period\u00edstica dio a conocer una presunta red de corrupci\u00f3n, mediante empresas \u201cfantasma\u201d, en la administraci\u00f3n de Alfredo de Mazo Maza, en la que podr\u00eda estar involucrada la candidata a la titularidad del ejecutivo local, Alejandra del Moral Vela.<\/p>\n\n\n\n<p>El diario brit\u00e1nico \u201cThe Guardian\u201d public\u00f3 este mi\u00e9rcoles 31 de mayo, en colaboraci\u00f3n con la OCCRP y Forbidden Stories, una investigaci\u00f3n encabezada por Mar\u00eda Teresa Monta\u00f1o y cinco periodistas m\u00e1s, en donde relat\u00f3 cuando fue amedrentada y secuestrada en el Estado de M\u00e9xico mientras indagaba sobre algunos contratos p\u00fablicos del gobierno de la entidad.<\/p>\n\n\n\n<p>Toda su investigaci\u00f3n dio a conocer que entre 2018 y 2022, el gobierno del Estado de M\u00e9xico habr\u00eda contratado alrededor de 15 empresas \u201cfantasma\u201d, mediante la celebraci\u00f3n de 40 contratos, toda esta actividades tendr\u00eda un valor de cinco mil millones de pesos.<\/p>\n\n\n\n<p>Aunado a lo anterior, la periodista Mar\u00eda Teresa Monta\u00f1o habr\u00eda descubierto que en los contratos estar\u00edan implicados algunos de los principales cuadros del Partido Revolucionario Institucional (PRI), entre los que destacar\u00edan presuntamente Erick Sevilla Montes de Oca y Alejandra del Moral, presidente del tricolor mexiquense y la candidata del instituto a la gubernatura cuando se desempe\u00f1\u00f3 como secretaria de Desarrollo Social.<\/p>\n\n\n\n<p>Asimismo, se explic\u00f3 que el equipo de periodistas se quiso poner en contacto con Sevilla y Del Moral; sin embargo, \u00e9stos \u201cno respondieron a los correos electr\u00f3nicos enviados por Forbidden Stories\u201d.<\/p>\n\n\n\n<p>En m\u00e9todo de la investigaci\u00f3n llev\u00f3 a los realizadores a visitar las direcciones fiscales que aparec\u00edan en los contratos, momento en el que se dieron cuenta que \u201cno hab\u00eda ninguna empresa con la direcci\u00f3n indicada\u201d, pues los edificios o instalaciones no contaban con letreros, trabajadores o infraestructura; adem\u00e1s, algunas otras fueron contratadas para bienes y servicios de los que no ten\u00edan experiencia o compart\u00edan domicilio o representantes legales con otras.<\/p>\n\n\n\n<p>\u201cInusualmente, muchos (contratos) fueron otorgados al final de a\u00f1o cuando la mayor\u00eda de los empleados del gobierno est\u00e1n de licencia. Se ignoraron las solicitudes de informaci\u00f3n para conocer las pruebas en cada contrato\u201d, se explic\u00f3.<\/p>\n\n\n\n<p>Asimismo, se mencion\u00f3 que los investigadores acudieron con el gobierno de Alfredo del Mazo para conocer su postura referente a la informaci\u00f3n que se hab\u00eda conocido; sin embargo, la administraci\u00f3n indic\u00f3 que todos los contratos fueron celebrados despu\u00e9s de una licitaci\u00f3n p\u00fablica, adem\u00e1s de que fue la Secretar\u00eda de Finanzas la que coordin\u00f3 todos los movimientos, misma que entreg\u00f3 documentos a los investigadores.<\/p>\n\n\n\n<p>M\u00e1s detalles, en este enlace de Infobae M\u00e9xico:<\/p>\n\n\n\n<figure class=\"wp-block-embed\"><div class=\"wp-block-embed__wrapper\">\nhttps:\/\/www.infobae.com\/mexico\/2023\/06\/01\/the-guardian-presento-investigacion-que-ligaria-a-del-mazo-y-del-moral-con-red-de-empresas-fantasma\/\n<\/div><\/figure>\n","protected":false},"excerpt":{"rendered":"<p>Redacci\u00f3n\/Zona Roja Cdmx. Ciudad de M\u00e9xico, a 3 de junio de 2023.- A escasos d\u00edas&hellip;<\/p>\n","protected":false},"author":2,"featured_media":56025,"comment_status":"closed","ping_status":"open","sticky":false,"template":"","format":"standard","meta":{"_lmt_disableupdate":"","_lmt_disable":"","_jetpack_memberships_contains_paid_content":false,"footnotes":""},"categories":[109,47],"tags":[3569],"class_list":["post-56024","post","type-post","status-publish","format-standard","has-post-thumbnail","hentry","category-minuto-a-minuto","category-zona-gris","tag-alejandra-del-moral-edomex"],"jetpack_featured_media_url":"https:\/\/zonaroja.com.mx\/wp-content\/uploads\/2023\/06\/Alejandra-del-Moral-y-Alfredo-del-Mazo.webp","jetpack_sharing_enabled":true,"_links":{"self":[{"href":"https:\/\/zonaroja.com.mx\/index.php?rest_route=\/wp\/v2\/posts\/56024","targetHints":{"allow":["GET"]}}],"collection":[{"href":"https:\/\/zonaroja.com.mx\/index.php?rest_route=\/wp\/v2\/posts"}],"about":[{"href":"https:\/\/zonaroja.com.mx\/index.php?rest_route=\/wp\/v2\/types\/post"}],"author":[{"embeddable":true,"href":"https:\/\/zonaroja.com.mx\/index.php?rest_route=\/wp\/v2\/users\/2"}],"replies":[{"embeddable":true,"href":"https:\/\/zonaroja.com.mx\/index.php?rest_route=%2Fwp%2Fv2%2Fcomments&post=56024"}],"version-history":[{"count":1,"href":"https:\/\/zonaroja.com.mx\/index.php?rest_route=\/wp\/v2\/posts\/56024\/revisions"}],"predecessor-version":[{"id":56027,"href":"https:\/\/zonaroja.com.mx\/index.php?rest_route=\/wp\/v2\/posts\/56024\/revisions\/56027"}],"wp:featuredmedia":[{"embeddable":true,"href":"https:\/\/zonaroja.com.mx\/index.php?rest_route=\/wp\/v2\/media\/56025"}],"wp:attachment":[{"href":"https:\/\/zonaroja.com.mx\/index.php?rest_route=%2Fwp%2Fv2%2Fmedia&parent=56024"}],"wp:term":[{"taxonomy":"category","embeddable":true,"href":"https:\/\/zonaroja.com.mx\/index.php?rest_route=%2Fwp%2Fv2%2Fcategories&post=56024"},{"taxonomy":"post_tag","embeddable":true,"href":"https:\/\/zonaroja.com.mx\/index.php?rest_route=%2Fwp%2Fv2%2Ftags&post=56024"}],"curies":[{"name":"wp","href":"https:\/\/api.w.org\/{rel}","templated":true}]}}