{"id":56034,"date":"2023-06-03T13:00:58","date_gmt":"2023-06-03T18:00:58","guid":{"rendered":"http:\/\/www.zonaroja.com.mx\/?p=56034"},"modified":"2023-06-03T13:00:59","modified_gmt":"2023-06-03T18:00:59","slug":"violencia-incontenible-en-la-zona-triqui-reporta-el-mult-otro-asesinato","status":"publish","type":"post","link":"https:\/\/zonaroja.com.mx\/?p=56034","title":{"rendered":"Violencia incontenible en la zona Triqui: reporta el MULT otro asesinato"},"content":{"rendered":"\n<p>Ismael Garc\u00eda M.\/Zona Roja.<\/p>\n\n\n\n<p>Oaxaca de Ju\u00e1rez, Oax., a 3 de junio de 2023.- La violencia sigue incontenible en la zona Triqui del estado de Oaxaca, sin que las autoridades federales y estatales garanticen la seguridad en la zona, donde hay ancestrales disputas entre organizaciones sociales.<\/p>\n\n\n\n<p>En un comunicado, el Movimiento de Unificaci\u00f3n y Lucha Triqui (MULT) report\u00f3 que anoche fue asesinada a balazos una persona del sexo masculino y otra m\u00e1s result\u00f3 lesionada.<\/p>\n\n\n\n<p>Culp\u00f3 al MULTI de haber perpetrado el ataque armado, en contra de un empleado de Seguridad Alimentaria Mexicana (Segalmex) y su esposa, alrededor de las 19:30 horas, despu\u00e9s de llevar v\u00edveres a los habitantes de la comunidad de Tierra Blanca Copala.<\/p>\n\n\n\n<p>\u201cCondenamos y reprobamos este hecho cobarde y violento en contra de cualquier transe\u00fante en la carretera federal y exigimos en\u00e9rgicamente justicia por la persona asesinada, quien se suma lamentablemente a la lista de las v\u00edctimas en manos de los paramilitares de MULTI\u201d, detall\u00f3.<\/p>\n\n\n\n<p>Reclam\u00f3 que el gobierno federal, el gobierno estatal y el MULTI \u201cno han cumplido el pacto de no agresi\u00f3n firmado el 4 de mayo del 2022, de poner retenes en los lugares para inhibir la violencia y uno de estos lugares es Tres Cruces, donde los asesinos se re\u00fanen para cometer sus emboscadas y es ah\u00ed precisamente donde ocurri\u00f3 el ataque\u201d.<\/p>\n\n\n\n<p>Expres\u00f3 su solidaridad con los familiares de las v\u00edctimas y demand\u00f3 a la Fiscal\u00eda General del Estado de Oaxaca a iniciar cuanto antes las indagatorias.<\/p>\n","protected":false},"excerpt":{"rendered":"<p>Ismael Garc\u00eda M.\/Zona Roja. Oaxaca de Ju\u00e1rez, Oax., a 3 de junio de 2023.- La&hellip;<\/p>\n","protected":false},"author":2,"featured_media":56035,"comment_status":"closed","ping_status":"open","sticky":false,"template":"","format":"standard","meta":{"_lmt_disableupdate":"","_lmt_disable":"","_jetpack_memberships_contains_paid_content":false,"footnotes":""},"categories":[109,51],"tags":[1712],"class_list":["post-56034","post","type-post","status-publish","format-standard","has-post-thumbnail","hentry","category-minuto-a-minuto","category-zona-roja","tag-tierra-blanca-copala"],"jetpack_featured_media_url":"https:\/\/zonaroja.com.mx\/wp-content\/uploads\/2023\/06\/Asesinato-zona-triqui-Oaxaca.jpg","jetpack_sharing_enabled":true,"_links":{"self":[{"href":"https:\/\/zonaroja.com.mx\/index.php?rest_route=\/wp\/v2\/posts\/56034","targetHints":{"allow":["GET"]}}],"collection":[{"href":"https:\/\/zonaroja.com.mx\/index.php?rest_route=\/wp\/v2\/posts"}],"about":[{"href":"https:\/\/zonaroja.com.mx\/index.php?rest_route=\/wp\/v2\/types\/post"}],"author":[{"embeddable":true,"href":"https:\/\/zonaroja.com.mx\/index.php?rest_route=\/wp\/v2\/users\/2"}],"replies":[{"embeddable":true,"href":"https:\/\/zonaroja.com.mx\/index.php?rest_route=%2Fwp%2Fv2%2Fcomments&post=56034"}],"version-history":[{"count":1,"href":"https:\/\/zonaroja.com.mx\/index.php?rest_route=\/wp\/v2\/posts\/56034\/revisions"}],"predecessor-version":[{"id":56036,"href":"https:\/\/zonaroja.com.mx\/index.php?rest_route=\/wp\/v2\/posts\/56034\/revisions\/56036"}],"wp:featuredmedia":[{"embeddable":true,"href":"https:\/\/zonaroja.com.mx\/index.php?rest_route=\/wp\/v2\/media\/56035"}],"wp:attachment":[{"href":"https:\/\/zonaroja.com.mx\/index.php?rest_route=%2Fwp%2Fv2%2Fmedia&parent=56034"}],"wp:term":[{"taxonomy":"category","embeddable":true,"href":"https:\/\/zonaroja.com.mx\/index.php?rest_route=%2Fwp%2Fv2%2Fcategories&post=56034"},{"taxonomy":"post_tag","embeddable":true,"href":"https:\/\/zonaroja.com.mx\/index.php?rest_route=%2Fwp%2Fv2%2Ftags&post=56034"}],"curies":[{"name":"wp","href":"https:\/\/api.w.org\/{rel}","templated":true}]}}