{"id":56038,"date":"2023-06-03T18:01:46","date_gmt":"2023-06-03T23:01:46","guid":{"rendered":"http:\/\/www.zonaroja.com.mx\/?p=56038"},"modified":"2023-06-03T18:01:48","modified_gmt":"2023-06-03T23:01:48","slug":"otra-jornada-sangrienta-en-oaxaca-cuatro-asesinados-entre-ellos-una-mujer","status":"publish","type":"post","link":"https:\/\/zonaroja.com.mx\/?p=56038","title":{"rendered":"Otra jornada sangrienta en Oaxaca: cuatro asesinados, entre ellos una mujer"},"content":{"rendered":"\n<p>Ismael Garc\u00eda M.\/Zona Roja.<\/p>\n\n\n\n<p>Oaxaca de Ju\u00e1rez, Oax., a 3 de junio de 2023.- En menos de 24 horas, suman cuatro personas asesinadas, incluyendo una mujer, as\u00ed como tres lesionadas de bala.<\/p>\n\n\n\n<p>Una mujer fue ultimada y dos personas m\u00e1s resultaron lesionadas durante un ataque armado en el municipio de San Mart\u00edn Itunyoso, en la regi\u00f3n Mixteca de Oaxaca.<\/p>\n\n\n\n<p>Las v\u00edctimas y otras personas viajaban a bordo de un taxi, cuando fueron atacados a balazos por personas desconocidas.<\/p>\n\n\n\n<p>Una mujer identificada como Missi R. H., de 26 a\u00f1os de edad, muri\u00f3 por los impactos de arma de fuego y dos personas m\u00e1s resultaron lesionadas, que son Mario D. M., de 50 a\u00f1os de edad, y Cesar D. O.<\/p>\n\n\n\n<p>EN ZONA TRIQUI<\/p>\n\n\n\n<p>Seg\u00fan denunci\u00f3 el Movimiento de Unificaci\u00f3n y Lucha Triqui (MULT), un trabajadores de Seguridad Alimentaria Mexicana (Segalmex) fue emboscado en su veh\u00edculo de carga con su pareja, ayer por la tarde en la carretera de Santiago Juxtlahuaca a Concepci\u00f3n Carrizal, a la altura del paraje \u201cTres Cruces\u201d.<\/p>\n\n\n\n<p>En el lugar muri\u00f3 el empleado, identificado como Rafael L. O., de 51 a\u00f1os de edad, quien conduc\u00eda el cami\u00f3n con placas de circulaci\u00f3n TY-43684 de la empresa federal, mientras que Yesenia T. T., de 35 los, result\u00f3 lesionada.<\/p>\n\n\n\n<p>EN AMOLTEPEC<\/p>\n\n\n\n<p>En Santiago Amoltepec, en supuesta ri\u00f1a, fue asesinado con un arma blanca el tesorero municipal, Teodosio O. V., cuando viajaba con el presidente municipal Mario Hern\u00e1ndez.<\/p>\n\n\n\n<p>El agresor fue detenido en el lugar de los hechos y se identific\u00f3 como Fructuoso H., quien adem\u00e1s ten\u00eda un cuchillo en la mano, por lo que fue puesto a disposici\u00f3n de las autoridades municipales.<\/p>\n\n\n\n<p>EN SALINA CRUZ<\/p>\n\n\n\n<p>Como se inform\u00f3 previamente, a un costado de la carretera federal 200, en jurisdicci\u00f3n de Salina Cruz, fue asesinado a balazos un individuo, hasta el momento a\u00fan no identificado.<\/p>\n\n\n\n<p>La Fiscal\u00eda General del Estado de Oaxaca indaga estos hechos y por el momento no hay reporte de personas detenidas.<\/p>\n","protected":false},"excerpt":{"rendered":"<p>Ismael Garc\u00eda M.\/Zona Roja. Oaxaca de Ju\u00e1rez, Oax., a 3 de junio de 2023.- En&hellip;<\/p>\n","protected":false},"author":2,"featured_media":56039,"comment_status":"closed","ping_status":"open","sticky":false,"template":"","format":"standard","meta":{"_lmt_disableupdate":"","_lmt_disable":"","_jetpack_memberships_contains_paid_content":false,"footnotes":""},"categories":[109,51],"tags":[860],"class_list":["post-56038","post","type-post","status-publish","format-standard","has-post-thumbnail","hentry","category-minuto-a-minuto","category-zona-roja","tag-santiago-amoltepec"],"jetpack_featured_media_url":"https:\/\/zonaroja.com.mx\/wp-content\/uploads\/2023\/06\/Asesinado-zona-triqui-Oaxaca.jpg","jetpack_sharing_enabled":true,"_links":{"self":[{"href":"https:\/\/zonaroja.com.mx\/index.php?rest_route=\/wp\/v2\/posts\/56038","targetHints":{"allow":["GET"]}}],"collection":[{"href":"https:\/\/zonaroja.com.mx\/index.php?rest_route=\/wp\/v2\/posts"}],"about":[{"href":"https:\/\/zonaroja.com.mx\/index.php?rest_route=\/wp\/v2\/types\/post"}],"author":[{"embeddable":true,"href":"https:\/\/zonaroja.com.mx\/index.php?rest_route=\/wp\/v2\/users\/2"}],"replies":[{"embeddable":true,"href":"https:\/\/zonaroja.com.mx\/index.php?rest_route=%2Fwp%2Fv2%2Fcomments&post=56038"}],"version-history":[{"count":1,"href":"https:\/\/zonaroja.com.mx\/index.php?rest_route=\/wp\/v2\/posts\/56038\/revisions"}],"predecessor-version":[{"id":56040,"href":"https:\/\/zonaroja.com.mx\/index.php?rest_route=\/wp\/v2\/posts\/56038\/revisions\/56040"}],"wp:featuredmedia":[{"embeddable":true,"href":"https:\/\/zonaroja.com.mx\/index.php?rest_route=\/wp\/v2\/media\/56039"}],"wp:attachment":[{"href":"https:\/\/zonaroja.com.mx\/index.php?rest_route=%2Fwp%2Fv2%2Fmedia&parent=56038"}],"wp:term":[{"taxonomy":"category","embeddable":true,"href":"https:\/\/zonaroja.com.mx\/index.php?rest_route=%2Fwp%2Fv2%2Fcategories&post=56038"},{"taxonomy":"post_tag","embeddable":true,"href":"https:\/\/zonaroja.com.mx\/index.php?rest_route=%2Fwp%2Fv2%2Ftags&post=56038"}],"curies":[{"name":"wp","href":"https:\/\/api.w.org\/{rel}","templated":true}]}}