{"id":56041,"date":"2023-06-04T07:34:05","date_gmt":"2023-06-04T12:34:05","guid":{"rendered":"http:\/\/www.zonaroja.com.mx\/?p=56041"},"modified":"2023-06-04T07:34:09","modified_gmt":"2023-06-04T12:34:09","slug":"eligen-hoy-a-gobernadores-en-edomex-y-coahuila-se-repartirian-pri-y-morena","status":"publish","type":"post","link":"https:\/\/zonaroja.com.mx\/?p=56041","title":{"rendered":"Eligen hoy a gobernadores en Edomex y Coahuila; se repartir\u00edan PRI y Morena"},"content":{"rendered":"\n<p>Redacci\u00f3n\/Zona Roja Cdmx.<\/p>\n\n\n\n<p>Ciudad de M\u00e9xico, a 4 de junio de 2023.- Este domingo 4 de junio se llevar\u00e1 a cabo una Jornada Electoral en el Estado de M\u00e9xico y en Coahuila, misma que ser\u00e1 determinante tanto para el Partido Revolucionario Institucional (PRI) como para Movimiento de Regeneraci\u00f3n Nacional (Morena) y es que se define a los gobernadores de ambos estados.<\/p>\n\n\n\n<p>El Estado de M\u00e9xico ha pertenecido por m\u00e1s de siete d\u00e9cadas a la instituci\u00f3n tricolor, siendo uno de sus bastiones m\u00e1s importantes en cuanto a las demarcaciones que puede gobernar. Alejandra del Moral fue la candidata elegida para intentar hacerse con la gubernatura, por parte de la coalici\u00f3n Va por M\u00e9xico, en el que se han integrado el PRI, el Partido Acci\u00f3n Nacional (PAN) y Partido de la Revoluci\u00f3n Democratica (PRD).<\/p>\n\n\n\n<p>Su contrincante ser\u00e1 Delfina G\u00f3mez, de Juntos Haremos Historias, que se encuentra conformada por Movimiento de Regeneraci\u00f3n Nacional (Morena), Partido del Trabajo (PT) y Partido Verde Ecologista de M\u00e9xico (PEVM), quien buscar\u00e1 que su partido domine por primera ocasi\u00f3n en la entidad mexiquense.<\/p>\n\n\n\n<p>En 2018, Morena lleg\u00f3 por primera ocasi\u00f3n a la presidencia de M\u00e9xico, de la mano de Andr\u00e9s Manuel L\u00f3pez Obrador (AMLO), logrando superar la hegemon\u00eda que hab\u00edan tenido el PRI y PAN en el m\u00e1ximo cargo pol\u00edtico del pa\u00eds.<\/p>\n\n\n\n<p>Con la llegada del partido guinda a la presidencia, el instituto tricolor ha comenzado a ver una amenaza en las entidades que gobern\u00f3 por d\u00e9cadas, uno de los principales es el Edomex, en donde se han mantenido por m\u00e1s de 70 a\u00f1os.<\/p>\n\n\n\n<p>El riesgo es latente para el PRI, quien se encuentra falto de l\u00edderes al interior de sus filas, con sus voces autorizadas alejadas de la toma de decisiones, entre ellos Arturo Montiel, Emilio Chuayffet, Humberto Ben\u00edtez o Jaime V\u00e1zquez, quienes fueron pilares en el reconocimiento del partido en la entidad mexiquense.<\/p>\n\n\n\n<p>Adem\u00e1s, los recientes conflictos en los que se han visto involucrados sus militantes han afectado la imagen del instituto tricolor, adem\u00e1s, varios especialistas hab\u00edan previsto una derrota en la elecci\u00f3n del Edom\u00e9x si se manten\u00edan con su postura de hacer una alianza.<\/p>\n\n\n\n<p>EN COAHUILA<\/p>\n\n\n\n<p>En cuanto a Coahuila se disputan la gobernatura de la entidad Manolo Jim\u00e9nez Salinas, candidato de la coalici\u00f3n Partido Revoluci\u00f3n Institucional (PRI), Partido Acci\u00f3n Nacional (PAN) y el Partido de la Revoluci\u00f3n Democr\u00e1tica (PRD); Ricardo Mej\u00eda Berdeja, del Partido del Trabajo (PT), Armando Guadiana Tijerina abanderado de Movimiento Regeneraci\u00f3n Nacional (Morena) y Evaristo Lenin P\u00e9rez del Partido Verde (PVEM).<\/p>\n\n\n\n<p>De igual manera, el estado norte\u00f1o es uno de los pilares que siguen sosteniendo al PRI, por lo que la contienda es clave para que presenciar su estad\u00eda o salida si Morena, el PT o el Partido Verde logran arranc\u00e1rsela de las manos.<\/p>\n\n\n\n<p>El proceso electoral se mantiene en vilo ya que Cohuila perteneci\u00f3 al partido tricolor por casi 100 a\u00f1os de su historia. Desde 1929 dicho partido se ha mantenido aferrado con u\u00f1as y dientes al estado. No obstante este 2023 se ve incierto para el PRI ya que entre los candidatos los votos se mantienen cerrados a diferencia de a\u00f1os anteriores.<\/p>\n\n\n\n<p>Para a\u00f1adir m\u00e1s tensi\u00f3n a la contienda, este a\u00f1o existen un total de cuatro candidatos pero una ruptura en las alianzas. Morena y PT se enfrentan por todo o nada, ya que en diciembre de 2022 el partido guinda seleccion\u00f3 como candidato a Armando Guadiana, una decisi\u00f3n que rechaz\u00f3 Ricardo Mej\u00eda Berdeja.<\/p>\n\n\n\n<p>Lo que lo impuls\u00f3 a dejar su cargo como subsecretario de Seguridad y Protecci\u00f3n Ciudadana para lanzarse por la gobernatura de Coahuila resguardado por el Partido del Trabajo.<\/p>\n\n\n\n<p>A pesar de que la dirigencia nacional del Partido del Trabajo (PT) anunciara el 30 de mayo que se sumar\u00e1n a la alianza de Morena y el Partido Verde Ecologista de M\u00e9xico (PVEM), su candidato Ricardo Mej\u00eda Berdeja se mantuvo renuente y rechaz\u00f3 todo tipo alianza. \u201cEl Tigre sigue firme. Vamos a ir a las elecci\u00f3n el 4 de junio\u201d, se\u00f1al\u00f3.<\/p>\n\n\n\n<p>(Informaci\u00f3n de Infobae M\u00e9xico)<\/p>\n","protected":false},"excerpt":{"rendered":"<p>Redacci\u00f3n\/Zona Roja Cdmx. Ciudad de M\u00e9xico, a 4 de junio de 2023.- Este domingo 4&hellip;<\/p>\n","protected":false},"author":2,"featured_media":56042,"comment_status":"closed","ping_status":"open","sticky":false,"template":"","format":"standard","meta":{"_lmt_disableupdate":"","_lmt_disable":"","_jetpack_memberships_contains_paid_content":false,"footnotes":""},"categories":[109,46],"tags":[1087,1200],"class_list":["post-56041","post","type-post","status-publish","format-standard","has-post-thumbnail","hentry","category-minuto-a-minuto","category-zona-blanca","tag-coahuila","tag-estado-de-mexico"],"jetpack_featured_media_url":"https:\/\/zonaroja.com.mx\/wp-content\/uploads\/2023\/06\/Elecciones-Mexico-gubernatura-urna.jpeg","jetpack_sharing_enabled":true,"_links":{"self":[{"href":"https:\/\/zonaroja.com.mx\/index.php?rest_route=\/wp\/v2\/posts\/56041","targetHints":{"allow":["GET"]}}],"collection":[{"href":"https:\/\/zonaroja.com.mx\/index.php?rest_route=\/wp\/v2\/posts"}],"about":[{"href":"https:\/\/zonaroja.com.mx\/index.php?rest_route=\/wp\/v2\/types\/post"}],"author":[{"embeddable":true,"href":"https:\/\/zonaroja.com.mx\/index.php?rest_route=\/wp\/v2\/users\/2"}],"replies":[{"embeddable":true,"href":"https:\/\/zonaroja.com.mx\/index.php?rest_route=%2Fwp%2Fv2%2Fcomments&post=56041"}],"version-history":[{"count":1,"href":"https:\/\/zonaroja.com.mx\/index.php?rest_route=\/wp\/v2\/posts\/56041\/revisions"}],"predecessor-version":[{"id":56043,"href":"https:\/\/zonaroja.com.mx\/index.php?rest_route=\/wp\/v2\/posts\/56041\/revisions\/56043"}],"wp:featuredmedia":[{"embeddable":true,"href":"https:\/\/zonaroja.com.mx\/index.php?rest_route=\/wp\/v2\/media\/56042"}],"wp:attachment":[{"href":"https:\/\/zonaroja.com.mx\/index.php?rest_route=%2Fwp%2Fv2%2Fmedia&parent=56041"}],"wp:term":[{"taxonomy":"category","embeddable":true,"href":"https:\/\/zonaroja.com.mx\/index.php?rest_route=%2Fwp%2Fv2%2Fcategories&post=56041"},{"taxonomy":"post_tag","embeddable":true,"href":"https:\/\/zonaroja.com.mx\/index.php?rest_route=%2Fwp%2Fv2%2Ftags&post=56041"}],"curies":[{"name":"wp","href":"https:\/\/api.w.org\/{rel}","templated":true}]}}