{"id":56044,"date":"2023-06-04T11:00:00","date_gmt":"2023-06-04T16:00:00","guid":{"rendered":"http:\/\/www.zonaroja.com.mx\/?p=56044"},"modified":"2023-06-04T11:16:29","modified_gmt":"2023-06-04T16:16:29","slug":"reconocen-oficialmente-a-colonia-santa-cecilia-de-xoxocotlan","status":"publish","type":"post","link":"https:\/\/zonaroja.com.mx\/?p=56044","title":{"rendered":"Reconocen oficialmente a colonia Santa Cecilia de Xoxocotl\u00e1n"},"content":{"rendered":"\n<p>Redacci\u00f3n\/Zona Roja.<\/p>\n\n\n\n<p>Oaxaca de Ju\u00e1rez, Oax., a 4 de junio de 2023.- \u201cTras muchos a\u00f1os de espera, al fin una autoridad municipal voltea la mirada a nosotros y nos hace justicia, \u00a1Ya somos colonia!\u201d.<\/p>\n\n\n\n<p>Con evidente emoci\u00f3n, el presidente de la hoy colonia Santa Cecilia, Juan Mart\u00ednez Calder\u00f3n, agradeci\u00f3 el reconocimiento a ese asentamiento, que le otorg\u00f3 el Cabildo presidido por Inocente Castellanos Alejos, en beneficio de 33 familias ya establecidas y, al menos unas 40 m\u00e1s que se encuentran en proceso de ello.<\/p>\n\n\n\n<p>\u201cHasta que por fin tenemos un gobierno municipal que est\u00e1 de lado de las personas, gracias al Cabildo hoy tenemos la certeza de que somos parte del municipio, ya tenemos derechos y reconocimiento como colonia\u201d, expres\u00f3.<\/p>\n\n\n\n<p>Mart\u00ednez Calder\u00f3n, quien junto con Jos\u00e9 Paulino Mart\u00ednez Mart\u00ednez y Ot\u00f3n Garc\u00eda conforman la directiva del lugar, destac\u00f3 el compromiso mostrado por el presidente municipal, Chente Castellanos, con quienes m\u00e1s lo necesitan y, el cumplimiento a su palabra de gobernar sin distingo alguno.<\/p>\n\n\n\n<p>\u201cEs un gusto saber que con usted juntos avanzamos hacia un mejor futuro, este reconocimiento nos impulsa a seguir trabajando para dar impulso a nuestra colonia, sabemos que Usted y su Cabildo hacen grandes esfuerzos para lograr cambios positivos para Xoxocotl\u00e1n\u201d, puntualiz\u00f3.<\/p>\n\n\n\n<p>La colonia Santa Cecilia la conforman lotes y terrenos agr\u00edcolas que, desde hace m\u00e1s de 10 a\u00f1os fueron adquiriendo diversas familias; en el territorio con el paso del tiempo fue creciendo su poblaci\u00f3n de manera exponencial y con ello, las necesidades de servicios para la zona.<\/p>\n\n\n\n<p>A partir del trabajo organizado de sus habitantes y la coordinaci\u00f3n de esfuerzos con el gobierno municipal de Castellanos Alejos, la colonia Santa Cecilia cuenta ya con servicio de energ\u00eda el\u00e9ctrica y la cobertura del 50% en el suministro de agua entubada y drenaje.<\/p>\n\n\n\n<p>Fue en abril de 2018 cuando por primera vez solicitaron el reconocimiento administrativo y es hasta esta administraci\u00f3n municipal, presidida por el Dr. Chente Castellanos, que una vez cumplidos los requisitos necesarios, reciben su anhelado reconocimiento.<\/p>\n\n\n\n<p>CERTEZA MUNICIPAL<\/p>\n\n\n\n<p>Luego de cumplirse con el protocolo correspondiente a la Sesi\u00f3n Solemne, donde estuvo presente la mayor\u00eda del Cabildo, quien aprobara en reuni\u00f3n previa el citado reconocimiento, el edil xoxe\u00f1o reiter\u00f3 su disposici\u00f3n de trabajar para dar certeza a la poblaci\u00f3n.<\/p>\n\n\n\n<p>El mun\u00edcipe afirm\u00f3 que para su administraci\u00f3n es fundamental dar orden al desarrollo urbano de la comunidad, para garantizar que toda la poblaci\u00f3n tenga acceso a los servicios.<\/p>\n","protected":false},"excerpt":{"rendered":"<p>Redacci\u00f3n\/Zona Roja. Oaxaca de Ju\u00e1rez, Oax., a 4 de junio de 2023.- \u201cTras muchos a\u00f1os&hellip;<\/p>\n","protected":false},"author":2,"featured_media":56045,"comment_status":"closed","ping_status":"open","sticky":false,"template":"","format":"standard","meta":{"_lmt_disableupdate":"","_lmt_disable":"","_jetpack_memberships_contains_paid_content":false,"footnotes":""},"categories":[109,46],"tags":[133],"class_list":["post-56044","post","type-post","status-publish","format-standard","has-post-thumbnail","hentry","category-minuto-a-minuto","category-zona-blanca","tag-santa-cruz-xoxocotlan"],"jetpack_featured_media_url":"https:\/\/zonaroja.com.mx\/wp-content\/uploads\/2023\/06\/Sesion-Cabildo-Xoxocotlan-colonia.jpg","jetpack_sharing_enabled":true,"_links":{"self":[{"href":"https:\/\/zonaroja.com.mx\/index.php?rest_route=\/wp\/v2\/posts\/56044","targetHints":{"allow":["GET"]}}],"collection":[{"href":"https:\/\/zonaroja.com.mx\/index.php?rest_route=\/wp\/v2\/posts"}],"about":[{"href":"https:\/\/zonaroja.com.mx\/index.php?rest_route=\/wp\/v2\/types\/post"}],"author":[{"embeddable":true,"href":"https:\/\/zonaroja.com.mx\/index.php?rest_route=\/wp\/v2\/users\/2"}],"replies":[{"embeddable":true,"href":"https:\/\/zonaroja.com.mx\/index.php?rest_route=%2Fwp%2Fv2%2Fcomments&post=56044"}],"version-history":[{"count":1,"href":"https:\/\/zonaroja.com.mx\/index.php?rest_route=\/wp\/v2\/posts\/56044\/revisions"}],"predecessor-version":[{"id":56046,"href":"https:\/\/zonaroja.com.mx\/index.php?rest_route=\/wp\/v2\/posts\/56044\/revisions\/56046"}],"wp:featuredmedia":[{"embeddable":true,"href":"https:\/\/zonaroja.com.mx\/index.php?rest_route=\/wp\/v2\/media\/56045"}],"wp:attachment":[{"href":"https:\/\/zonaroja.com.mx\/index.php?rest_route=%2Fwp%2Fv2%2Fmedia&parent=56044"}],"wp:term":[{"taxonomy":"category","embeddable":true,"href":"https:\/\/zonaroja.com.mx\/index.php?rest_route=%2Fwp%2Fv2%2Fcategories&post=56044"},{"taxonomy":"post_tag","embeddable":true,"href":"https:\/\/zonaroja.com.mx\/index.php?rest_route=%2Fwp%2Fv2%2Ftags&post=56044"}],"curies":[{"name":"wp","href":"https:\/\/api.w.org\/{rel}","templated":true}]}}