{"id":56047,"date":"2023-06-04T09:21:00","date_gmt":"2023-06-04T14:21:00","guid":{"rendered":"http:\/\/www.zonaroja.com.mx\/?p=56047"},"modified":"2023-06-04T08:22:54","modified_gmt":"2023-06-04T13:22:54","slug":"criminal-nueve-asesinados-en-oaxaca-entre-ellos-dos-mujeres-en-fin-de-semana","status":"publish","type":"post","link":"https:\/\/zonaroja.com.mx\/?p=56047","title":{"rendered":"Criminal: nueve asesinados en Oaxaca, entre ellos dos mujeres, en fin de semana"},"content":{"rendered":"\n<p>Ismael Garc\u00eda M.\/Zona Roja.<\/p>\n\n\n\n<p>Oaxaca de Ju\u00e1rez, Oax., a 4 de junio de 2023.- En menos de 48 horas, nueve personas han sido asesinadas en distintos hechos en Oaxaca, entre ellas dos mujeres, un funcionario federal y el tesorero de un ayuntamiento.<\/p>\n\n\n\n<p>Anoche, dos ocupantes de una camioneta, entre ellas una femenina, fueron ejecutadas a balazos, cuando transitaban a la altura de la colonia Lorenza Santiago de Juchit\u00e1n de Zaragoza.<\/p>\n\n\n\n<p>Hasta esta ma\u00f1ana, no han sido proporcionados los datos de identificaci\u00f3n de ambas personas y la Vicefiscal\u00eda Regional del Istmo inici\u00f3 las indagatorias correspondientes.<\/p>\n\n\n\n<p>Tambi\u00e9n ayer, en la localidad de Tierra Colorada, Putla Villa de Guerrero, durante una carrera de caballos, fue asesinado un individuo; por el momento no hay m\u00e1s datos de la identidad de la v\u00edctima,<\/p>\n\n\n\n<p>Mientras que horas antes, en el municipio de Mesones Hidalgo, un hombre que hab\u00eda sido reportado como desaparecido, fue hallado con varios disparos de arma de fuego en el cuerpo.<\/p>\n\n\n\n<p>Fue localizado en el paraje \u201cEl Guayabo Seco\u201d de la agencia de San Jos\u00e9 de las Flores e identificado como Pablo S. T., de 72 a\u00f1os de edad.<\/p>\n\n\n\n<p>M\u00c1S CASOS<\/p>\n\n\n\n<p>Como se inform\u00f3 ayer, en Salina Cruz fue asesinada una persona, cuyo cad\u00e1ver se hall\u00f3 a un costado de la carretera federal 200, cerca del mirador de dicho puerto.<\/p>\n\n\n\n<p>Tambi\u00e9n, fue ultimado con arma blanca el tesorero del ayuntamiento de Santiago Amoltepec, cuando se trasladaba junto con la autoridad municipal.<\/p>\n\n\n\n<p>Mientras que el viernes, en jurisdicci\u00f3n de Santiago Juxtlahuaca fueron atacadas a balazos dos personas, en el interior de un veh\u00edculo; en el sitio muri\u00f3 el var\u00f3n, trabajador de la dependencia federal Seguridad Alimentaria Mexicana (Segalmex), mientras que la mujer result\u00f3 lesionada.<\/p>\n\n\n\n<p>En San Mart\u00edn Itunyoso, una familia fue atacada a balazos, donde falleci\u00f3 una femenina, mientras que dos individuos quedaron lesionados.<\/p>\n\n\n\n<p>Por la ma\u00f1ana del viernes, en jurisdicci\u00f3n de San Francisco Tanivet, Tlacolula, fue atacado y asesinado un joven, a quien robaron el cami\u00f3n tipo volteo; horas m\u00e1s tarde fueron detenidos dos probables homicidas.<\/p>\n\n\n\n<p>Mientras que en el municipio de Mat\u00edas Romero Avenda\u00f1o un menor de ocho a\u00f1os de edad fue atacado a balazos, y a\u00fan convalece en un hospital.<\/p>\n","protected":false},"excerpt":{"rendered":"<p>Ismael Garc\u00eda M.\/Zona Roja. Oaxaca de Ju\u00e1rez, Oax., a 4 de junio de 2023.- En&hellip;<\/p>\n","protected":false},"author":2,"featured_media":54456,"comment_status":"closed","ping_status":"open","sticky":false,"template":"","format":"standard","meta":{"_lmt_disableupdate":"","_lmt_disable":"","_jetpack_memberships_contains_paid_content":false,"footnotes":""},"categories":[109,51],"tags":[123,964],"class_list":["post-56047","post","type-post","status-publish","format-standard","has-post-thumbnail","hentry","category-minuto-a-minuto","category-zona-roja","tag-juchitan-de-zaragoza","tag-violencia-oaxaca"],"jetpack_featured_media_url":"https:\/\/zonaroja.com.mx\/wp-content\/uploads\/2023\/04\/Escena-crimen-homicidio-violencia-asesinato.webp","jetpack_sharing_enabled":true,"_links":{"self":[{"href":"https:\/\/zonaroja.com.mx\/index.php?rest_route=\/wp\/v2\/posts\/56047","targetHints":{"allow":["GET"]}}],"collection":[{"href":"https:\/\/zonaroja.com.mx\/index.php?rest_route=\/wp\/v2\/posts"}],"about":[{"href":"https:\/\/zonaroja.com.mx\/index.php?rest_route=\/wp\/v2\/types\/post"}],"author":[{"embeddable":true,"href":"https:\/\/zonaroja.com.mx\/index.php?rest_route=\/wp\/v2\/users\/2"}],"replies":[{"embeddable":true,"href":"https:\/\/zonaroja.com.mx\/index.php?rest_route=%2Fwp%2Fv2%2Fcomments&post=56047"}],"version-history":[{"count":1,"href":"https:\/\/zonaroja.com.mx\/index.php?rest_route=\/wp\/v2\/posts\/56047\/revisions"}],"predecessor-version":[{"id":56048,"href":"https:\/\/zonaroja.com.mx\/index.php?rest_route=\/wp\/v2\/posts\/56047\/revisions\/56048"}],"wp:featuredmedia":[{"embeddable":true,"href":"https:\/\/zonaroja.com.mx\/index.php?rest_route=\/wp\/v2\/media\/54456"}],"wp:attachment":[{"href":"https:\/\/zonaroja.com.mx\/index.php?rest_route=%2Fwp%2Fv2%2Fmedia&parent=56047"}],"wp:term":[{"taxonomy":"category","embeddable":true,"href":"https:\/\/zonaroja.com.mx\/index.php?rest_route=%2Fwp%2Fv2%2Fcategories&post=56047"},{"taxonomy":"post_tag","embeddable":true,"href":"https:\/\/zonaroja.com.mx\/index.php?rest_route=%2Fwp%2Fv2%2Ftags&post=56047"}],"curies":[{"name":"wp","href":"https:\/\/api.w.org\/{rel}","templated":true}]}}