{"id":56056,"date":"2023-06-04T18:15:00","date_gmt":"2023-06-04T23:15:00","guid":{"rendered":"http:\/\/www.zonaroja.com.mx\/?p=56056"},"modified":"2023-06-04T17:28:31","modified_gmt":"2023-06-04T22:28:31","slug":"ante-nula-atencion-de-lo-sso-trabajadores-del-hospital-civil-intensificaran-protestas","status":"publish","type":"post","link":"https:\/\/zonaroja.com.mx\/?p=56056","title":{"rendered":"Ante nula atenci\u00f3n de lo SSO, trabajadores del Hospital Civil intensificar\u00e1n protestas"},"content":{"rendered":"\n<p>Ismael Garc\u00eda M.\/Zona Roja.<\/p>\n\n\n\n<p>Oaxaca de Ju\u00e1rez, Oax., a 4 de junio de 2023.- Debido a la nula atenci\u00f3n a la problem\u00e1tica por parte de la titular de los Servicios de Salud de Oaxaca (SSO), Alma Lilia Velasco, el personal de trabajo social intensificar\u00e1n sus protestas a partir de ma\u00f1ana.<\/p>\n\n\n\n<p>La jornada inici\u00f3 de manera pac\u00edfica el pasado 1 de junio y el viernes las y los inconformes cerraron oficinas de esa \u00e1rea, para exigir la designaci\u00f3n de una persona al frente de la Coordinaci\u00f3n Estatal de Trabajo Social y para que quienes laboran en ese rubro, sean reconocidos a trav\u00e9s de los c\u00f3digos laborales respectivos.<\/p>\n\n\n\n<p>En un comunicado emitido hoy, recordaron que desde el d\u00eda 19 de mayo del 2023 se hizo contacto con representantes sindicales Secci\u00f3n 35 del Sindicato Nacional de Trabajadores de la Secretar\u00eda de Salud y a la siguiente semana con la Direcci\u00f3n de Administraci\u00f3n de los SSO en conjunto con sus representantes legales,<\/p>\n\n\n\n<p>A ellos se describi\u00f3 amplia y expl\u00edcitamente la situaci\u00f3n de la problem\u00e1tica y el pliego petitorio de manera general y particular, que incluye revisar la situaci\u00f3n laboral de las trabajadoras con perfil y funciones de Trabajo Social y que por a\u00f1os han ostentado un c\u00f3digo administrativo, a fin de buscar alternativas que resuelvan dicha problem\u00e1tica y por justicia laboral, sean beneficiadas con un cambio de c\u00f3digo funcional.<\/p>\n\n\n\n<p>&nbsp;Adem\u00e1s, se solicit\u00f3 la emisi\u00f3n de una convocatoria para elegir al personal que ocupar\u00e1 el cargo en el Coordinaci\u00f3n Estatal de Trabajo social, en el que se consideren el perfil acad\u00e9mico id\u00f3neo, experiencia, conocimientos, habilidades y destrezas que requiere el puesto, de tal manera que tenga una representaci\u00f3n gremial en el estado.<\/p>\n\n\n\n<p>De la misma manera, se exige la liberaci\u00f3n y la reintegraci\u00f3n del c\u00f3digo CF Jefe de Trabajo Social, que sustrajeron del Hospital Civil \u201cDr. Aurelio Valdivieso\u201d y sea regresado a dicha unidad hospitalaria.<\/p>\n\n\n\n<p>Sin embargo, a la fecha los inconformes no han recibido respuestas contundentes, convocaron a realizar un paro generalizado en dicho nosocomio a partir de este lunes, como medida de presi\u00f3n para que sea atendido el pliego petitorio.<\/p>\n","protected":false},"excerpt":{"rendered":"<p>Ismael Garc\u00eda M.\/Zona Roja. Oaxaca de Ju\u00e1rez, Oax., a 4 de junio de 2023.- Debido&hellip;<\/p>\n","protected":false},"author":2,"featured_media":7566,"comment_status":"closed","ping_status":"open","sticky":false,"template":"","format":"standard","meta":{"_lmt_disableupdate":"","_lmt_disable":"","_jetpack_memberships_contains_paid_content":false,"footnotes":""},"categories":[109,47],"tags":[1005],"class_list":["post-56056","post","type-post","status-publish","format-standard","has-post-thumbnail","hentry","category-minuto-a-minuto","category-zona-gris","tag-servicios-de-salud-de-oaxaca-sso"],"jetpack_featured_media_url":"https:\/\/zonaroja.com.mx\/wp-content\/uploads\/2020\/01\/Hospital-Civil.jpg","jetpack_sharing_enabled":true,"_links":{"self":[{"href":"https:\/\/zonaroja.com.mx\/index.php?rest_route=\/wp\/v2\/posts\/56056","targetHints":{"allow":["GET"]}}],"collection":[{"href":"https:\/\/zonaroja.com.mx\/index.php?rest_route=\/wp\/v2\/posts"}],"about":[{"href":"https:\/\/zonaroja.com.mx\/index.php?rest_route=\/wp\/v2\/types\/post"}],"author":[{"embeddable":true,"href":"https:\/\/zonaroja.com.mx\/index.php?rest_route=\/wp\/v2\/users\/2"}],"replies":[{"embeddable":true,"href":"https:\/\/zonaroja.com.mx\/index.php?rest_route=%2Fwp%2Fv2%2Fcomments&post=56056"}],"version-history":[{"count":1,"href":"https:\/\/zonaroja.com.mx\/index.php?rest_route=\/wp\/v2\/posts\/56056\/revisions"}],"predecessor-version":[{"id":56057,"href":"https:\/\/zonaroja.com.mx\/index.php?rest_route=\/wp\/v2\/posts\/56056\/revisions\/56057"}],"wp:featuredmedia":[{"embeddable":true,"href":"https:\/\/zonaroja.com.mx\/index.php?rest_route=\/wp\/v2\/media\/7566"}],"wp:attachment":[{"href":"https:\/\/zonaroja.com.mx\/index.php?rest_route=%2Fwp%2Fv2%2Fmedia&parent=56056"}],"wp:term":[{"taxonomy":"category","embeddable":true,"href":"https:\/\/zonaroja.com.mx\/index.php?rest_route=%2Fwp%2Fv2%2Fcategories&post=56056"},{"taxonomy":"post_tag","embeddable":true,"href":"https:\/\/zonaroja.com.mx\/index.php?rest_route=%2Fwp%2Fv2%2Ftags&post=56056"}],"curies":[{"name":"wp","href":"https:\/\/api.w.org\/{rel}","templated":true}]}}