{"id":56061,"date":"2023-06-04T22:21:52","date_gmt":"2023-06-05T03:21:52","guid":{"rendered":"http:\/\/www.zonaroja.com.mx\/?p=56061"},"modified":"2023-06-04T22:21:53","modified_gmt":"2023-06-05T03:21:53","slug":"horror-dominical-en-oaxaca-un-asesinado-y-tres-ataques-armados","status":"publish","type":"post","link":"https:\/\/zonaroja.com.mx\/?p=56061","title":{"rendered":"Horror dominical en Oaxaca: un asesinado y tres ataques armados"},"content":{"rendered":"\n<p>Ismael Garc\u00eda M.\/Zona Roja.<\/p>\n\n\n\n<p>Oaxaca de Juarez, Oax., a 4 de junio de 2023.- Oaxaca registr\u00f3 otra cotidiana jornada de violencia, con una persona asesinada a balazos y al menos tres ataques armados, con igual n\u00famero de lesionados.<\/p>\n\n\n\n<p>Esta noche, en la carretera federal 190 Oaxaca-Huajuapan, a la altura del acceso a Tezoatl\u00e1n de Segura y Luna, fue hallado el cad\u00e1ver de un individuo.<\/p>\n\n\n\n<p>Presenta varios impactos de arma de fuego y hasta el momento la v\u00edctima no ha sido identificada, como tampoco la mec\u00e1nica del crimen.<\/p>\n\n\n\n<p>Tambi\u00e9n esta noche, al hospital general de Ciudad Ixtepec arrib\u00f3 una ambulancia, con un individuo lesionado de bala, que al parecer proced\u00eda de Santiago Laollaga; tampoco hay m\u00e1s datos de la v\u00edctima, que no presentaba heridas graves.<\/p>\n\n\n\n<p>Durante la tarde de este domingo, en el municipio de Salina Cruz se registr\u00f3 otro ataque armado, con saldo de un herido.<\/p>\n\n\n\n<p>Ocurri\u00f3 en el comedor \u201cRinconcito Salvadore\u00f1o\u201d, ubicado en la colonia San Pablo Norte, y tampoco hay m\u00e1s datos precisos de la o las v\u00edctimas.<\/p>\n\n\n\n<p>Al mediod\u00eda, en la agencia El Molino de Huajuapan de Le\u00f3n, ocurri\u00f3 otra agresi\u00f3n con armas de fuego.<\/p>\n\n\n\n<p>Un individuo que viajaba en un veh\u00edculo marca Chevrolet, tipo Aveo, con raz\u00f3n comercial \u201cMixteca M\u00eda\u201d result\u00f3 lesionado y trasladado a un hospital.&nbsp;<\/p>\n\n\n\n<p>Mientras tanto, la tarde de hoy se registr\u00f3 un asalto a una tienda Oxxo, en pleno centro del municipio de Santo Domingo Tehuantepec.<\/p>\n\n\n\n<p>Un individuo ingres\u00f3 al establecimiento ubicado en la calle 22 de marzo, amag\u00f3 a los empleados, rob\u00f3 bienes tras lo cual huy\u00f3, sin que hubiera polic\u00edas en la zona.<\/p>\n","protected":false},"excerpt":{"rendered":"<p>Ismael Garc\u00eda M.\/Zona Roja. Oaxaca de Juarez, Oax., a 4 de junio de 2023.- Oaxaca&hellip;<\/p>\n","protected":false},"author":2,"featured_media":56062,"comment_status":"closed","ping_status":"open","sticky":false,"template":"","format":"standard","meta":{"_lmt_disableupdate":"","_lmt_disable":"","_jetpack_memberships_contains_paid_content":false,"footnotes":""},"categories":[109,51],"tags":[594],"class_list":["post-56061","post","type-post","status-publish","format-standard","has-post-thumbnail","hentry","category-minuto-a-minuto","category-zona-roja","tag-huajuapan-de-leon"],"jetpack_featured_media_url":"https:\/\/zonaroja.com.mx\/wp-content\/uploads\/2023\/06\/Asesinado-Huajuapan-de-Leon.jpg","jetpack_sharing_enabled":true,"_links":{"self":[{"href":"https:\/\/zonaroja.com.mx\/index.php?rest_route=\/wp\/v2\/posts\/56061","targetHints":{"allow":["GET"]}}],"collection":[{"href":"https:\/\/zonaroja.com.mx\/index.php?rest_route=\/wp\/v2\/posts"}],"about":[{"href":"https:\/\/zonaroja.com.mx\/index.php?rest_route=\/wp\/v2\/types\/post"}],"author":[{"embeddable":true,"href":"https:\/\/zonaroja.com.mx\/index.php?rest_route=\/wp\/v2\/users\/2"}],"replies":[{"embeddable":true,"href":"https:\/\/zonaroja.com.mx\/index.php?rest_route=%2Fwp%2Fv2%2Fcomments&post=56061"}],"version-history":[{"count":1,"href":"https:\/\/zonaroja.com.mx\/index.php?rest_route=\/wp\/v2\/posts\/56061\/revisions"}],"predecessor-version":[{"id":56063,"href":"https:\/\/zonaroja.com.mx\/index.php?rest_route=\/wp\/v2\/posts\/56061\/revisions\/56063"}],"wp:featuredmedia":[{"embeddable":true,"href":"https:\/\/zonaroja.com.mx\/index.php?rest_route=\/wp\/v2\/media\/56062"}],"wp:attachment":[{"href":"https:\/\/zonaroja.com.mx\/index.php?rest_route=%2Fwp%2Fv2%2Fmedia&parent=56061"}],"wp:term":[{"taxonomy":"category","embeddable":true,"href":"https:\/\/zonaroja.com.mx\/index.php?rest_route=%2Fwp%2Fv2%2Fcategories&post=56061"},{"taxonomy":"post_tag","embeddable":true,"href":"https:\/\/zonaroja.com.mx\/index.php?rest_route=%2Fwp%2Fv2%2Ftags&post=56061"}],"curies":[{"name":"wp","href":"https:\/\/api.w.org\/{rel}","templated":true}]}}