{"id":56071,"date":"2023-06-05T12:59:00","date_gmt":"2023-06-05T17:59:00","guid":{"rendered":"http:\/\/www.zonaroja.com.mx\/?p=56071"},"modified":"2023-06-05T08:25:25","modified_gmt":"2023-06-05T13:25:25","slug":"designa-fiscal-de-oaxaca-a-nuevo-titular-de-la-visitaduria-general","status":"publish","type":"post","link":"https:\/\/zonaroja.com.mx\/?p=56071","title":{"rendered":"Designa fiscal de Oaxaca a nuevo titular de la Visitadur\u00eda General"},"content":{"rendered":"\n<p>Redacci\u00f3n\/Zona Roja.<\/p>\n\n\n\n<p>Oaxaca de Ju\u00e1rez, Oax., a 5 de junio de 2023.- El fiscal General del Estado de Oaxaca, Bernardo Rodr\u00edguez Alamilla, tom\u00f3 protesta a El\u00edas Cortez V\u00e1squez como nuevo visitador General de la instituci\u00f3n.<\/p>\n\n\n\n<p>Durante el acto protocolario, requiri\u00f3 al visitador General realizar su actividad bajo los principios de probidad, profesionalismo y responsabilidad, y record\u00f3 que el proceso de reingenier\u00eda institucional emprendido en esta administraci\u00f3n est\u00e1 enfocado a brindar un mejor servicio a la poblaci\u00f3n, por lo que es indispensable fortalecer los procesos internos en los que se reciben las quejas de la poblaci\u00f3n respecto a los servicios que brinda la instituci\u00f3n.<\/p>\n\n\n\n<p>A\u00f1adi\u00f3 que, para lograrlo, tambi\u00e9n es necesario que las \u00e1reas encargadas de revisar el desempe\u00f1o est\u00e9n funcionando adecuadamente, pues esto permitir\u00e1 fortalecer el proceso de procuraci\u00f3n de justicia.<\/p>\n\n\n\n<p>Al intervenir, El\u00edas Cortez V\u00e1squez expres\u00f3 que desempe\u00f1ar\u00e1 su labor con estricto apego a la normatividad vigente, adem\u00e1s de agradecer la confianza y manifestar su compromiso para con la instituci\u00f3n.<\/p>\n\n\n\n<p>El Visitador General de la FGEO es licenciado en Derecho y Ciencias Sociales por la Universidad Aut\u00f3noma \u201cBenito Ju\u00e1rez\u201d de Oaxaca (UABJO), y en el \u00e1mbito laboral ha desempe\u00f1ado diversos cargos como agente del Ministerio P\u00fablico adscrito a la Visitadur\u00eda General, adem\u00e1s, estuvo adscrito a la Unidad de Alto Impacto de la Vicefiscal\u00eda Zona Centro y en la Fiscal\u00eda de Investigaciones en Delitos de Trascendencia Social.<\/p>\n\n\n\n<p>Cortez V\u00e1squez se ha formado en materia de derechos humanos, espec\u00edficamente en aspectos como la investigaci\u00f3n de la tortura, as\u00ed como en est\u00e1ndares en derechos humanos para la investigaci\u00f3n penal y estrategias de litigio, adem\u00e1s de procesos de investigaci\u00f3n criminal conjunta entre ministerios p\u00fablicos, peritos y polic\u00edas, estos procesos de capacitaci\u00f3n los ha tomado con diversos organismos como la Suprema Corte de Justicia, el Instituto Mexicano de Derechos Humanos y Democracia y la Coordinaci\u00f3n para la Implementaci\u00f3n del Sistema Acusatorio en el Estado de Oaxaca.&nbsp;<\/p>\n","protected":false},"excerpt":{"rendered":"<p>Redacci\u00f3n\/Zona Roja. Oaxaca de Ju\u00e1rez, Oax., a 5 de junio de 2023.- El fiscal General&hellip;<\/p>\n","protected":false},"author":2,"featured_media":56078,"comment_status":"closed","ping_status":"open","sticky":false,"template":"","format":"standard","meta":{"_lmt_disableupdate":"","_lmt_disable":"","_jetpack_memberships_contains_paid_content":false,"footnotes":""},"categories":[109,46],"tags":[494],"class_list":["post-56071","post","type-post","status-publish","format-standard","has-post-thumbnail","hentry","category-minuto-a-minuto","category-zona-blanca","tag-fiscalia-general-del-estado-de-oaxaca"],"jetpack_featured_media_url":"https:\/\/zonaroja.com.mx\/wp-content\/uploads\/2023\/06\/Fiscal-designa-a-visitador-General-Oaxaca.jpeg","jetpack_sharing_enabled":true,"_links":{"self":[{"href":"https:\/\/zonaroja.com.mx\/index.php?rest_route=\/wp\/v2\/posts\/56071","targetHints":{"allow":["GET"]}}],"collection":[{"href":"https:\/\/zonaroja.com.mx\/index.php?rest_route=\/wp\/v2\/posts"}],"about":[{"href":"https:\/\/zonaroja.com.mx\/index.php?rest_route=\/wp\/v2\/types\/post"}],"author":[{"embeddable":true,"href":"https:\/\/zonaroja.com.mx\/index.php?rest_route=\/wp\/v2\/users\/2"}],"replies":[{"embeddable":true,"href":"https:\/\/zonaroja.com.mx\/index.php?rest_route=%2Fwp%2Fv2%2Fcomments&post=56071"}],"version-history":[{"count":1,"href":"https:\/\/zonaroja.com.mx\/index.php?rest_route=\/wp\/v2\/posts\/56071\/revisions"}],"predecessor-version":[{"id":56072,"href":"https:\/\/zonaroja.com.mx\/index.php?rest_route=\/wp\/v2\/posts\/56071\/revisions\/56072"}],"wp:featuredmedia":[{"embeddable":true,"href":"https:\/\/zonaroja.com.mx\/index.php?rest_route=\/wp\/v2\/media\/56078"}],"wp:attachment":[{"href":"https:\/\/zonaroja.com.mx\/index.php?rest_route=%2Fwp%2Fv2%2Fmedia&parent=56071"}],"wp:term":[{"taxonomy":"category","embeddable":true,"href":"https:\/\/zonaroja.com.mx\/index.php?rest_route=%2Fwp%2Fv2%2Fcategories&post=56071"},{"taxonomy":"post_tag","embeddable":true,"href":"https:\/\/zonaroja.com.mx\/index.php?rest_route=%2Fwp%2Fv2%2Ftags&post=56071"}],"curies":[{"name":"wp","href":"https:\/\/api.w.org\/{rel}","templated":true}]}}