{"id":56075,"date":"2023-06-05T10:22:00","date_gmt":"2023-06-05T15:22:00","guid":{"rendered":"http:\/\/www.zonaroja.com.mx\/?p=56075"},"modified":"2023-06-05T08:24:47","modified_gmt":"2023-06-05T13:24:47","slug":"activistas-encuentran-en-guanajuato-20-bolsas-con-restos-humanos","status":"publish","type":"post","link":"https:\/\/zonaroja.com.mx\/?p=56075","title":{"rendered":"Activistas encuentran en Guanajuato 20 bolsas con restos humanos\u00a0"},"content":{"rendered":"\n<p>Redacci\u00f3n\/Zona Roja Cdmx.<\/p>\n\n\n\n<p>Ciudad de M\u00e9xico, a 5 de junio de 2023.- Un colectivo encontr\u00f3 20 bolsas de pl\u00e1stico en la comunidad Loma de Flores, en el municipio de Salamanca, Guanajuato, casi en el l\u00edmite con Irapuato.<\/p>\n\n\n\n<p>Fue a trav\u00e9s de su cuenta de Facebook, donde integrantes del colectivo Hasta Encontrarte, dieron a conocer el hallazgo en los l\u00edmites con Irapuato.<\/p>\n\n\n\n<p>\u201cAcabamos de dar un hallazgo positivo, a\u00fan no sabemos cu\u00e1ntos vamos a encontrar, pero afortunadamente damos con un hallazgo positivo\u201d, inform\u00f3 el colectivo.<\/p>\n\n\n\n<p>Adem\u00e1s, asegur\u00f3 que dichas acciones las realizan porque solo \u2018queremos encontrar&nbsp; a nuestros hermanos, a nuestros hijos y nuestros padres\u2019.<\/p>\n\n\n\n<p>Y, ante esto, la Fiscal\u00eda General del Estado de Guanajuato arrib\u00f3 al lugar y resguard\u00f3 la zona, por lo que, peritos y agentes iniciar\u00e1n las investigaciones correspondientes.<\/p>\n\n\n\n<p>No obstante, &nbsp;de acuerdo con el diario Quadrat\u00edn, la dependencia confirm\u00f3 la localizaci\u00f3n de elementos \u00f3seos con tejido blanco, en Loma de las Flores, pero no especifico el n\u00famero de v\u00edctimas.<\/p>\n\n\n\n<p>A finales de 2022, Irapuato fue el epicentro de la violencia en Guanajuato, pues&nbsp; en octubre del a\u00f1o pasado fueron esparcidos restos humanos de aparentemente 3 personas, en diversas colonias de la ciudad.<\/p>\n\n\n\n<p>Las tres zonas fueron aseguradas por elementos de los tres niveles de gobierno, quienes implementaron un operativo para dar con los responsables sin haber detenidos._Con informaci\u00f3n de Quadrat\u00edn.<\/p>\n\n\n\n<p>(Informaci\u00f3n de Radio F\u00f3rmula)<\/p>\n","protected":false},"excerpt":{"rendered":"<p>Redacci\u00f3n\/Zona Roja Cdmx. Ciudad de M\u00e9xico, a 5 de junio de 2023.- Un colectivo encontr\u00f3&hellip;<\/p>\n","protected":false},"author":2,"featured_media":56076,"comment_status":"closed","ping_status":"open","sticky":false,"template":"","format":"standard","meta":{"_lmt_disableupdate":"","_lmt_disable":"","_jetpack_memberships_contains_paid_content":false,"footnotes":""},"categories":[109,47],"tags":[3527,735],"class_list":["post-56075","post","type-post","status-publish","format-standard","has-post-thumbnail","hentry","category-minuto-a-minuto","category-zona-gris","tag-fosas-clandestinas-en-mexico","tag-guanajuato"],"jetpack_featured_media_url":"https:\/\/zonaroja.com.mx\/wp-content\/uploads\/2023\/06\/Fosa-clandestina-restos-humanos.jpeg","jetpack_sharing_enabled":true,"_links":{"self":[{"href":"https:\/\/zonaroja.com.mx\/index.php?rest_route=\/wp\/v2\/posts\/56075","targetHints":{"allow":["GET"]}}],"collection":[{"href":"https:\/\/zonaroja.com.mx\/index.php?rest_route=\/wp\/v2\/posts"}],"about":[{"href":"https:\/\/zonaroja.com.mx\/index.php?rest_route=\/wp\/v2\/types\/post"}],"author":[{"embeddable":true,"href":"https:\/\/zonaroja.com.mx\/index.php?rest_route=\/wp\/v2\/users\/2"}],"replies":[{"embeddable":true,"href":"https:\/\/zonaroja.com.mx\/index.php?rest_route=%2Fwp%2Fv2%2Fcomments&post=56075"}],"version-history":[{"count":1,"href":"https:\/\/zonaroja.com.mx\/index.php?rest_route=\/wp\/v2\/posts\/56075\/revisions"}],"predecessor-version":[{"id":56077,"href":"https:\/\/zonaroja.com.mx\/index.php?rest_route=\/wp\/v2\/posts\/56075\/revisions\/56077"}],"wp:featuredmedia":[{"embeddable":true,"href":"https:\/\/zonaroja.com.mx\/index.php?rest_route=\/wp\/v2\/media\/56076"}],"wp:attachment":[{"href":"https:\/\/zonaroja.com.mx\/index.php?rest_route=%2Fwp%2Fv2%2Fmedia&parent=56075"}],"wp:term":[{"taxonomy":"category","embeddable":true,"href":"https:\/\/zonaroja.com.mx\/index.php?rest_route=%2Fwp%2Fv2%2Fcategories&post=56075"},{"taxonomy":"post_tag","embeddable":true,"href":"https:\/\/zonaroja.com.mx\/index.php?rest_route=%2Fwp%2Fv2%2Ftags&post=56075"}],"curies":[{"name":"wp","href":"https:\/\/api.w.org\/{rel}","templated":true}]}}