{"id":56087,"date":"2023-06-05T14:26:06","date_gmt":"2023-06-05T19:26:06","guid":{"rendered":"http:\/\/www.zonaroja.com.mx\/?p=56087"},"modified":"2023-06-05T14:26:10","modified_gmt":"2023-06-05T19:26:10","slug":"junio-rojo-en-oaxaca-tres-adolescentes-y-tres-mujeres-asesinadas","status":"publish","type":"post","link":"https:\/\/zonaroja.com.mx\/?p=56087","title":{"rendered":"Junio rojo en Oaxaca: tres adolescentes y tres mujeres asesinadas"},"content":{"rendered":"\n<p>Yuridiana Sosa\/Zona Roja.<\/p>\n\n\n\n<p>Oaxaca de Ju\u00e1rez, Oax., a 5 de junio de 2023.- La violencia en Oaxaca crece y ahora alcanz\u00f3 a tres adolescentes y un ni\u00f1o, quienes en hechos distintos perdieron la vida y uno convalece al ser atacados por disparo de armas de fuego.<\/p>\n\n\n\n<p>Son v\u00edctimas de entre 16 y 8 a\u00f1os de edad a las que les fueron arrebatadas sus vidas y bienestar, en circunstancias inexplicables, al estar en sus domicilios o espacios p\u00fablicos.<\/p>\n\n\n\n<p>MIXTECA VIOLENTA<\/p>\n\n\n\n<p>En la regi\u00f3n de la Mixteca se registraron dos de los hechos de este fin de semana, ambos el 3 de junio.<\/p>\n\n\n\n<p>La noche del pasado s\u00e1bado, fue asesinado con disparos de armas de fuego en el t\u00f3rax el menor y estudiante Rodrigo L. R., de 16 a\u00f1os, dentro de su domicilio en la calle Matamoros 350 de San Mart\u00edn Peras. <\/p>\n\n\n\n<p>Aunque el primer reporte de la Polic\u00eda Municipal de San Mart\u00edn Peras indic\u00f3 sobre la localizaci\u00f3n del cuerpo sin vida de un menor afuera de su domicilio, la Agencia Estatal de Investigaciones constat\u00f3 que el adolescente se encontraba dentro de la vivienda, sobre una mesa de madera.<\/p>\n\n\n\n<p>El padre del menor, Marcelino L\u00f3pez Rodr\u00edguez, se\u00f1al\u00f3 que antes de los hechos su hijo fallecido se encontraba \u00fanicamente en compa\u00f1\u00eda de sus hermanos, tambi\u00e9n menores, Diego L.R. de 14 a\u00f1os de edad y Antonio L.R. de 11, este \u00faltimo le llam\u00f3 a su hermana que se encuentra en Estado Unidos, para informarle que hab\u00edan matado a balazos a su hermano, pero no hab\u00eda podido hacer comunicaci\u00f3n con su padre.<\/p>\n\n\n\n<p>Por el homicidio, la Fiscal\u00eda de Oaxaca inici\u00f3 la carpeta de investigaci\u00f3n 19641\/FMIX\/JUXTLAHUACA\/2023.<\/p>\n\n\n\n<p>Horas antes, Taurino E. C. de 12 a\u00f1os de edad, tambi\u00e9n estudiante, fue asesinado en Coicoy\u00e1n de las Flores, quien recibi\u00f3 heridas en cabeza y cuello por arma corto contundente.<\/p>\n\n\n\n<p>El informe policial indic\u00f3 que el hecho se registr\u00f3 cerca de las 15:40 horas, en el paraje @Barranca del Durazno\u201d.<\/p>\n\n\n\n<p>El padre del menor, Taurino Enr\u00edquez Flores, refiri\u00f3 que su hijo sali\u00f3 de casa cerca de las 6.30 horas en compa\u00f1\u00eda de su hermano Adolfo, de 15 a\u00f1os, para ir dicho a pastorear sus chivos, por lo que desconoce qu\u00e9 pudo haber incitado el hecho debido a que su hijo no ten\u00eda problemas con nadie, ni enemigos.<\/p>\n\n\n\n<p>Por este hecho la Fiscal\u00eda abri\u00f3 la carpeta 1960\/FMIX\/JUXTLAHUACA\/2023.<\/p>\n\n\n\n<p>OTROS HECHOS<\/p>\n\n\n\n<p>En otros dos hechos violentos, el 1 y 2 de junio, acabaron con la vida de dos menores, uno de ellos de ocho a\u00f1os de edad.<\/p>\n\n\n\n<p>El pasado viernes, Juan F. S. P., ni\u00f1o de ocho a\u00f1os de edad fue atacado a balazos en Mat\u00edas Romero Avenda\u00f1o, en la regi\u00f3n del Istmo de Oaxaca, se encuentra delicado de salud, reportaron las autoridades.<\/p>\n\n\n\n<p>Sin mayores datos de los hechos, se dio a conocer que los presuntos atacantes viajaban en una motocicleta y dispararon; los agresores huyeron pese al intento de los familiares de alcanzarlos y ante la ausencia de la polic\u00eda en la zona.&nbsp; Las investigaciones tras el hecho tambi\u00e9n dieron inicio.<\/p>\n\n\n\n<p>Asi tambi\u00e9n, horas antes, el jueves 1, un adolescente de 15 a\u00f1os intent\u00f3 impedir la detenci\u00f3n de su padre, Roberto P. M., por parte de la polic\u00eda municipal pero fue baleado. <\/p>\n\n\n\n<p>El hecho se registr\u00f3 en la en la localidad de Agua Iglesia, del municipio de Eloxochitl\u00e1n de Flores Mag\u00f3n, cuando en el forcejeo, los uniformados lesionaron por disparo de arma de fuego a Gelacio P. R., de 15 a\u00f1os de edad, por lo cual fue trasladado a un hospital de Huautla de Jim\u00e9nez, donde perdi\u00f3 la vida la ma\u00f1ana del viernes por la gravedad de las lesiones.&nbsp;<\/p>\n\n\n\n<p>FEMINICIDIOS<\/p>\n\n\n\n<p>Una mujer, identificada como Brisa del Mar T. C. fue asesinada por disparos de arma de fuego cuando viajaba a bordo de una camioneta en compa\u00f1\u00eda de un var\u00f3n, en la colonia Lorenza Santiago de Juchit\u00e1n de Zaragoza.&nbsp;&nbsp;<\/p>\n\n\n\n<p>Mientras que en San Mart\u00edn Itunyoso, una familia fue atacada a balazos cuando viajaban a bordo de un tax, donde falleci\u00f3 una mujer identificada como Missi R. H., de 26 a\u00f1os de edad perdi\u00f3 la vida al momento y dos personas m\u00e1s del sexo masculino resultaron lesionadas durante.<\/p>\n\n\n\n<p>El registro de feminicidios inici\u00f3 el pasado 1 de junio con el asesinato de una mujer en la&nbsp;calle Emiliano Zapata, en la colonia Loma Linda&nbsp;de la capital del estado.<\/p>\n\n\n\n<p>Un sujeto, supuestamente la pareja de la v\u00edctima, identificado como \u00d3scar C. R., de 55 a\u00f1os de edad, asesin\u00f3 a Genoveva L. F., con varios disparos de arma de fuego, tras lo cual huy\u00f3.<\/p>\n\n\n\n<p>Por su parte, la Fiscal\u00eda General del Estado de Oaxaca inform\u00f3 que dio inicio a la Carpeta de Investigaci\u00f3n correspondiente por el delito de feminicidio y bajo los protocolos de perspectiva de g\u00e9nero.<\/p>\n\n\n\n<p>En tanto que tambi\u00e9n una mujer result\u00f3 lesionada tras una agresi\u00f3n a balazos el viernes en jurisdicci\u00f3n de Santiago Juxtlahuaca. La mujer viajaba en un veh\u00edculo en compa\u00f1\u00eda de un var\u00f3n, trabajador de la dependencia federal,Seguridad Alimentaria Mexicana (Segalmex).<\/p>\n","protected":false},"excerpt":{"rendered":"<p>Yuridiana Sosa\/Zona Roja. Oaxaca de Ju\u00e1rez, Oax., a 5 de junio de 2023.- La violencia&hellip;<\/p>\n","protected":false},"author":2,"featured_media":56086,"comment_status":"closed","ping_status":"open","sticky":false,"template":"","format":"standard","meta":{"_lmt_disableupdate":"","_lmt_disable":"","_jetpack_memberships_contains_paid_content":false,"footnotes":""},"categories":[109,51],"tags":[],"class_list":["post-56087","post","type-post","status-publish","format-standard","has-post-thumbnail","hentry","category-minuto-a-minuto","category-zona-roja"],"jetpack_featured_media_url":"https:\/\/zonaroja.com.mx\/wp-content\/uploads\/2023\/06\/img_1502.jpg","jetpack_sharing_enabled":true,"_links":{"self":[{"href":"https:\/\/zonaroja.com.mx\/index.php?rest_route=\/wp\/v2\/posts\/56087","targetHints":{"allow":["GET"]}}],"collection":[{"href":"https:\/\/zonaroja.com.mx\/index.php?rest_route=\/wp\/v2\/posts"}],"about":[{"href":"https:\/\/zonaroja.com.mx\/index.php?rest_route=\/wp\/v2\/types\/post"}],"author":[{"embeddable":true,"href":"https:\/\/zonaroja.com.mx\/index.php?rest_route=\/wp\/v2\/users\/2"}],"replies":[{"embeddable":true,"href":"https:\/\/zonaroja.com.mx\/index.php?rest_route=%2Fwp%2Fv2%2Fcomments&post=56087"}],"version-history":[{"count":1,"href":"https:\/\/zonaroja.com.mx\/index.php?rest_route=\/wp\/v2\/posts\/56087\/revisions"}],"predecessor-version":[{"id":56088,"href":"https:\/\/zonaroja.com.mx\/index.php?rest_route=\/wp\/v2\/posts\/56087\/revisions\/56088"}],"wp:featuredmedia":[{"embeddable":true,"href":"https:\/\/zonaroja.com.mx\/index.php?rest_route=\/wp\/v2\/media\/56086"}],"wp:attachment":[{"href":"https:\/\/zonaroja.com.mx\/index.php?rest_route=%2Fwp%2Fv2%2Fmedia&parent=56087"}],"wp:term":[{"taxonomy":"category","embeddable":true,"href":"https:\/\/zonaroja.com.mx\/index.php?rest_route=%2Fwp%2Fv2%2Fcategories&post=56087"},{"taxonomy":"post_tag","embeddable":true,"href":"https:\/\/zonaroja.com.mx\/index.php?rest_route=%2Fwp%2Fv2%2Ftags&post=56087"}],"curies":[{"name":"wp","href":"https:\/\/api.w.org\/{rel}","templated":true}]}}