{"id":56090,"date":"2023-06-05T18:14:53","date_gmt":"2023-06-05T23:14:53","guid":{"rendered":"http:\/\/www.zonaroja.com.mx\/?p=56090"},"modified":"2023-06-05T18:15:04","modified_gmt":"2023-06-05T23:15:04","slug":"en-dos-anos-10-ciclistas-atropellados-y-muertos-en-oaxaca-denuncian-impunidad","status":"publish","type":"post","link":"https:\/\/zonaroja.com.mx\/?p=56090","title":{"rendered":"En dos a\u00f1os, 10 ciclistas atropellados y muertos en Oaxaca; denuncian impunidad"},"content":{"rendered":"\n<p>Yuridiana Sosa\/Zona Roja.<\/p>\n\n\n\n<p>Oaxaca de Ju\u00e1rez, Oax., a 5 de junio de 2023.- Familiares y v\u00edctimas del accidente vial que caus\u00f3 la muerte del m\u00e9dico Pedro Rafael Constantino Garc\u00eda, cuando transitaba en su bicicleta en la carretera federal 175 Oaxaca-Tuxtepec, exigieron al gobierno de Oaxaca justicia, tras la liberaci\u00f3n del responsable del siniestro.<\/p>\n\n\n\n<p>En conferencia de prensa, los afectados, entre ellos el ciclista tambi\u00e9n atropellado, Jos\u00e9 Alfredo Jim\u00e9nez, denunciaron que la jueza Yolanda Cruz Arroyo dej\u00f3 en libertad a Ra\u00fal Juli\u00e1n Yescas, quien el pasado 7 de mayo los embisti\u00f3 cuando viajaba en su camioneta, tipo Kicks, marca Nissan, en estado de ebriedad.<\/p>\n\n\n\n<p>A\u00fan con secuelas por el accidente, en silla de ruedas, collar\u00edn, entre otros auxiliares para su movimiento, el compa\u00f1ero de ciclismo de Pedro Constantito indic\u00f3 que el conductor de la camioneta los golpe\u00f3 por detr\u00e1s de forma repentina, lo que caus\u00f3 la muerte inmediata de su amigo de 70 a\u00f1os de edad.<\/p>\n\n\n\n<p>El abogado, Ernesto Daniel Rodr\u00edguez Soto, se\u00f1al\u00f3 que la jueza de control de Tanivet consider\u00f3 que el conductor no representaba ning\u00fan peligro para la sociedad, a pesar que hay constancia de sus antecedentes por manejar en estado de ebriedad y causar accidentes.<\/p>\n\n\n\n<p>Ra\u00fal Juli\u00e1n Yescas s\u00f3lo recibi\u00f3 medidas como la cancelaci\u00f3n de la licencia de conducir, presentarse peri\u00f3dicamente al juzgado, someterse a rehabilitaci\u00f3n y no acercarse a las v\u00edctimas, lo cual es insuficiente para el da\u00f1o que caus\u00f3, as\u00ed como tampoco cubri\u00f3 la reparaci\u00f3n de da\u00f1os para Jos\u00e9 Alfredo Jim\u00e9nez.<\/p>\n\n\n\n<figure class=\"wp-block-embed\"><div class=\"wp-block-embed__wrapper\">\n<div class=\"twitter-tweet\"><blockquote class=\"twitter-tweet\" data-lang=\"es\"><p lang=\"es\" dir=\"ltr\"><a href=\"https:\/\/twitter.com\/hashtag\/ENVIVO?src=hash&amp;ref_src=twsrc%5Etfw\">#ENVIVO<\/a><br>Oaxaca Ju\u00e1rez, Oax., a 5 de junio de 2023.- Conferencia de prensa de colectivos de ciclistas que exigen que no haya impunidad por el caso de un ciclista atropellado y muerto y otro herido.<br>\ud83d\udc47<a href=\"https:\/\/t.co\/R5H0fR2Jzb\">https:\/\/t.co\/R5H0fR2Jzb<\/a> <a href=\"https:\/\/t.co\/wie0sX5vbW\">pic.twitter.com\/wie0sX5vbW<\/a><\/p>&mdash; Zona Roja Oaxaca (@ZonaRoja_Oaxaca) <a href=\"https:\/\/twitter.com\/ZonaRoja_Oaxaca\/status\/1665756319922503681?ref_src=twsrc%5Etfw\">5 de junio de 2023<\/a><\/blockquote><\/div>\n<\/div><\/figure>\n\n\n\n<p>Por esta decisi\u00f3n, las v\u00edctimas consideran presuntos actos de corrupci\u00f3n por parte de la jueza, por lo que la esposa e hija del ciclista fallecido, Mar\u00eda Soledad Echeverr\u00eda y Marisol Constantino, respectivamente, exigieron la inhabilitaci\u00f3n de Yolanda Cruz Arroyo.<\/p>\n\n\n\n<p>La hija se manifest\u00f3 ante el acto de injusticia, por el que el agresor qued\u00f3 libre a los 20 d\u00edas despu\u00e9s del hecho, as\u00ed como que durante la audiencia se not\u00f3 de parte de la jueza inclinaci\u00f3n a favor del agresor.<\/p>\n\n\n\n<p>\u201cEs muy raro que hayan soltado al borracho que mat\u00f3 a mi padre a los 20 d\u00edas\u201d recalc\u00f3.<\/p>\n\n\n\n<p>FALTA ATENCI\u00d3N&nbsp;<\/p>\n\n\n\n<p>La falta de justicia, aunado a la falta de condiciones para que los ciclistas transiten con seguridad ha caudado la muerte de 10 de ellos por imprudencias viales en la capital y zona metropolitana en los dos \u00faltimos a\u00f1os, se\u00f1al\u00f3 la organizaci\u00f3n \u201cGaby Bici Blanca\u201d.<\/p>\n\n\n\n<p>La representante de la agrupaci\u00f3n, Esther Soto, indic\u00f3 que son frecuentes los accidentes contra ciclistas en las vialidades de Tlaixtlac y Yatareni, por lo que exhort\u00f3 a las autoridades de ambos municipios conurbados a tomar mayores acciones a favor del ciclista.<\/p>\n\n\n\n<p>El caso del m\u00e9dico y el se\u00f1or Jos\u00e9 Alfredo Jim\u00e9nez, dijo, son un ejemplo claro de lo que decenas de ciclistas viven y de la impunidad sobre estos hechos.<\/p>\n\n\n\n<figure class=\"wp-block-embed\"><div class=\"wp-block-embed__wrapper\">\n<div class=\"twitter-tweet\"><blockquote class=\"twitter-tweet\" data-lang=\"es\"><p lang=\"es\" dir=\"ltr\">En dos a\u00f1os que lleva de existencia el colectivo \u201cGaby Bici Blanca\u201d, tienen el registro de 10 personas que han perdido la vida atropelladas en Oaxaca, cuando circulaban en bicicleta, inform\u00f3 hoy Esther Soto. <a href=\"https:\/\/t.co\/iiyEor8Fpq\">pic.twitter.com\/iiyEor8Fpq<\/a><\/p>&mdash; Zona Roja Oaxaca (@ZonaRoja_Oaxaca) <a href=\"https:\/\/twitter.com\/ZonaRoja_Oaxaca\/status\/1665814625932447744?ref_src=twsrc%5Etfw\">5 de junio de 2023<\/a><\/blockquote><\/div>\n<\/div><\/figure>\n\n\n\n<p> <\/p>\n","protected":false},"excerpt":{"rendered":"<p>Yuridiana Sosa\/Zona Roja. Oaxaca de Ju\u00e1rez, Oax., a 5 de junio de 2023.- Familiares y&hellip;<\/p>\n","protected":false},"author":2,"featured_media":56089,"comment_status":"closed","ping_status":"open","sticky":false,"template":"","format":"standard","meta":{"_lmt_disableupdate":"","_lmt_disable":"","_jetpack_memberships_contains_paid_content":false,"footnotes":""},"categories":[109,47],"tags":[],"class_list":["post-56090","post","type-post","status-publish","format-standard","has-post-thumbnail","hentry","category-minuto-a-minuto","category-zona-gris"],"jetpack_featured_media_url":"https:\/\/zonaroja.com.mx\/wp-content\/uploads\/2023\/06\/0097cbb8-7d2d-4aff-93cf-1b7cd300e8c8.jpg","jetpack_sharing_enabled":true,"_links":{"self":[{"href":"https:\/\/zonaroja.com.mx\/index.php?rest_route=\/wp\/v2\/posts\/56090","targetHints":{"allow":["GET"]}}],"collection":[{"href":"https:\/\/zonaroja.com.mx\/index.php?rest_route=\/wp\/v2\/posts"}],"about":[{"href":"https:\/\/zonaroja.com.mx\/index.php?rest_route=\/wp\/v2\/types\/post"}],"author":[{"embeddable":true,"href":"https:\/\/zonaroja.com.mx\/index.php?rest_route=\/wp\/v2\/users\/2"}],"replies":[{"embeddable":true,"href":"https:\/\/zonaroja.com.mx\/index.php?rest_route=%2Fwp%2Fv2%2Fcomments&post=56090"}],"version-history":[{"count":1,"href":"https:\/\/zonaroja.com.mx\/index.php?rest_route=\/wp\/v2\/posts\/56090\/revisions"}],"predecessor-version":[{"id":56091,"href":"https:\/\/zonaroja.com.mx\/index.php?rest_route=\/wp\/v2\/posts\/56090\/revisions\/56091"}],"wp:featuredmedia":[{"embeddable":true,"href":"https:\/\/zonaroja.com.mx\/index.php?rest_route=\/wp\/v2\/media\/56089"}],"wp:attachment":[{"href":"https:\/\/zonaroja.com.mx\/index.php?rest_route=%2Fwp%2Fv2%2Fmedia&parent=56090"}],"wp:term":[{"taxonomy":"category","embeddable":true,"href":"https:\/\/zonaroja.com.mx\/index.php?rest_route=%2Fwp%2Fv2%2Fcategories&post=56090"},{"taxonomy":"post_tag","embeddable":true,"href":"https:\/\/zonaroja.com.mx\/index.php?rest_route=%2Fwp%2Fv2%2Ftags&post=56090"}],"curies":[{"name":"wp","href":"https:\/\/api.w.org\/{rel}","templated":true}]}}