{"id":56092,"date":"2023-06-05T19:57:40","date_gmt":"2023-06-06T00:57:40","guid":{"rendered":"http:\/\/www.zonaroja.com.mx\/?p=56092"},"modified":"2023-06-05T19:57:41","modified_gmt":"2023-06-06T00:57:41","slug":"bloqueos-alargan-inauguracion-de-supercarretera-a-la-costa-hasta-diciembre-cinicos-llama-jara-a-manifestantes","status":"publish","type":"post","link":"https:\/\/zonaroja.com.mx\/?p=56092","title":{"rendered":"Bloqueos alargan inauguraci\u00f3n de supercarretera a la Costa hasta diciembre; \u00abc\u00ednicos\u00bb, llama Jara a manifestantes"},"content":{"rendered":"\n<p>Yuridiana Sosa\/Zona Roja.<\/p>\n\n\n\n<p>Oaxaca de Ju\u00e1rez, Oax., a 5 de junio de 2023.- Pese a que el Presidente de M\u00e9xico, Andr\u00e9s Manuel L\u00f3pez Obrador, anunci\u00f3 hace dos meses que la supercarretera Oaxaca-Costa se terminar\u00eda entre julio y agosto, al existir acuerdo con San Vicente Coatl\u00e1n para la continuaci\u00f3n de la obra, apenas este 4 de junio la asamblea de la comunidad dio el aval para permitir la reanudaci\u00f3n de los trabajos.<\/p>\n\n\n\n<p>A esto se agrega que a\u00fan restan m\u00e1s de cuatro meses en la construcci\u00f3n de un viaducto y la pavimentaci\u00f3n de tramos para que pueda ser una realidad dicha carretera, por lo que se inaugurar\u00eda, de no haber m\u00e1s oposici\u00f3n, entre noviembre y diciembre pr\u00f3ximo, reconoci\u00f3 hoy el gobernador Salom\u00f3n Jara Cruz.<\/p>\n\n\n\n<p>El gobierno de Oaxaca inform\u00f3 en redes sociales y este lunes, en conferencia de prensa confirmado por el mandatario, que ayer 4 de junio la asamblea de San Vicente Coatl\u00e1n, con autoridades agrarias, municipales y habitantes, dieron el s\u00ed para que sigan los trabajos en el tramo Barranca Larga-Ventanilla.<\/p>\n\n\n\n<p>\u201cSan Vicente Coatl\u00e1n. \u00a1Aprobado!\u201d, presumi\u00f3 el secretario de Gobierno, Jes\u00fas Romero, al compartir un video en redes sociales. No obstante, el bloqueo por parte de San Sebasti\u00e1n Coatl\u00e1n, a la altura del paraje \u00abEl Limar\u00bb, cumpli\u00f3 este lunes ocho d\u00edas.<\/p>\n\n\n\n<p>CONTRASTES<\/p>\n\n\n\n<p>Sin embargo, el gobernador Salom\u00f3n Jara, minimiz\u00f3 el problema, y por el contrario, agradeci\u00f3 el cierre, al tiempo de llamar c\u00ednicos a los pobladores que se manifiestan.<\/p>\n\n\n\n<p>El mandatario apunt\u00f3 que el grupo de personas de la agencia de San Jos\u00e9 Cieneguilla de San Sebasti\u00e1n Coatl\u00e1n, que mantienen el bloqueo demand\u00f3 al gobierno 50 millones de pesos en efectivo para repartirlo entre los 40 manifestantes.<\/p>\n\n\n\n<p>\u201cC\u00ednicos, c\u00ednicos. Si hay alguna obra la vamos a apoyar, pero no en efectivo\u201d, se\u00f1al\u00f3 Jara Cruz en la conferencia de prensa.<\/p>\n\n\n\n<p>Pero, tambi\u00e9n agradeci\u00f3 a los manifestantes el cierre del paso, pues esto permite que puedan avanzar trabajos relacionados a la construcci\u00f3n de un viaducto, y ante la alta afluencia vehicular que exist\u00eda en la zona no pod\u00edan hacer los trabajos con la misma agilidad, adem\u00e1s que a parte que bloquean ya est\u00e1 concluida la autopista.<\/p>\n\n\n\n<p>El viaducto, dijo, llevar\u00e1 otros cinco meses, m\u00e1s algunas zonas por pavimentar, lo que significa que la obra estar\u00eda lista hasta finales de 2023.<\/p>\n\n\n\n<p><\/p>\n","protected":false},"excerpt":{"rendered":"<p>Yuridiana Sosa\/Zona Roja. Oaxaca de Ju\u00e1rez, Oax., a 5 de junio de 2023.- Pese a&hellip;<\/p>\n","protected":false},"author":2,"featured_media":56093,"comment_status":"closed","ping_status":"open","sticky":false,"template":"","format":"standard","meta":{"_lmt_disableupdate":"","_lmt_disable":"","_jetpack_memberships_contains_paid_content":false,"footnotes":""},"categories":[109,47],"tags":[1442],"class_list":["post-56092","post","type-post","status-publish","format-standard","has-post-thumbnail","hentry","category-minuto-a-minuto","category-zona-gris","tag-supercarretera-oaxaca-costa-coatlan"],"jetpack_featured_media_url":"https:\/\/zonaroja.com.mx\/wp-content\/uploads\/2023\/06\/Supercarretera-Oaxaca-Costa.jpeg","jetpack_sharing_enabled":true,"_links":{"self":[{"href":"https:\/\/zonaroja.com.mx\/index.php?rest_route=\/wp\/v2\/posts\/56092","targetHints":{"allow":["GET"]}}],"collection":[{"href":"https:\/\/zonaroja.com.mx\/index.php?rest_route=\/wp\/v2\/posts"}],"about":[{"href":"https:\/\/zonaroja.com.mx\/index.php?rest_route=\/wp\/v2\/types\/post"}],"author":[{"embeddable":true,"href":"https:\/\/zonaroja.com.mx\/index.php?rest_route=\/wp\/v2\/users\/2"}],"replies":[{"embeddable":true,"href":"https:\/\/zonaroja.com.mx\/index.php?rest_route=%2Fwp%2Fv2%2Fcomments&post=56092"}],"version-history":[{"count":1,"href":"https:\/\/zonaroja.com.mx\/index.php?rest_route=\/wp\/v2\/posts\/56092\/revisions"}],"predecessor-version":[{"id":56094,"href":"https:\/\/zonaroja.com.mx\/index.php?rest_route=\/wp\/v2\/posts\/56092\/revisions\/56094"}],"wp:featuredmedia":[{"embeddable":true,"href":"https:\/\/zonaroja.com.mx\/index.php?rest_route=\/wp\/v2\/media\/56093"}],"wp:attachment":[{"href":"https:\/\/zonaroja.com.mx\/index.php?rest_route=%2Fwp%2Fv2%2Fmedia&parent=56092"}],"wp:term":[{"taxonomy":"category","embeddable":true,"href":"https:\/\/zonaroja.com.mx\/index.php?rest_route=%2Fwp%2Fv2%2Fcategories&post=56092"},{"taxonomy":"post_tag","embeddable":true,"href":"https:\/\/zonaroja.com.mx\/index.php?rest_route=%2Fwp%2Fv2%2Ftags&post=56092"}],"curies":[{"name":"wp","href":"https:\/\/api.w.org\/{rel}","templated":true}]}}