{"id":56097,"date":"2023-06-05T22:44:07","date_gmt":"2023-06-06T03:44:07","guid":{"rendered":"http:\/\/www.zonaroja.com.mx\/?p=56097"},"modified":"2023-06-05T22:44:11","modified_gmt":"2023-06-06T03:44:11","slug":"arranca-otra-semana-de-caos-sigue-fallando-la-gobernabilidad-en-oaxaca","status":"publish","type":"post","link":"https:\/\/zonaroja.com.mx\/?p=56097","title":{"rendered":"\u00a1Arranca otra semana de caos! Sigue fallando la gobernabilidad en Oaxaca"},"content":{"rendered":"\n<p>Yuridiana Sosa\/Zona Roja.<\/p>\n\n\n\n<p>Oaxaca de Ju\u00e1rez, Oax., a 5 de junio de 2023.- La semana volvi\u00f3 a iniciar con otra dosis de manifestaciones para exigir atenci\u00f3n del gobierno de Oaxaca.<\/p>\n\n\n\n<p>Sin embargo, algunas demandas fueron ignoradas, pese a la gravedad del problema, como es el caso de la violencia latente que se vive entre San Juan Mixtepec y Santo Domingo Yoso\u00f1ama por un conflicto agrario.<\/p>\n\n\n\n<p>Autoridades de San Juan Mixtepec, de la regi\u00f3n Mixteca, arribaron a la capital para demandar una mesa de di\u00e1logo para exponer la situaci\u00f3n actual, pero les fue negado el encuentro.<\/p>\n\n\n\n<p>El presidente del comisariado de Bienes Comunales de Mixtepec, Eusebio L\u00f3pez G\u00f3mez, se\u00f1al\u00f3 que sus vecinos han reiniciado constantes actos para provocar hechos violentos, a lo cual se han contenido para evitar m\u00e1s da\u00f1os.<\/p>\n\n\n\n<p>Pero la comunidad, poseedora de las tierras en disputa, se encuentra cansada de ese hostigamiento, por lo que responsabilizan al gobierno de Salom\u00f3n Jara de cualquier acto violento por desatender el problema.<\/p>\n\n\n\n<p>\u201cSi el gobernador no quiere resolver el problema como tal, nosotros tambi\u00e9n tenemos que tomar otras acciones, vamos a tomar otras acciones\u201d, \u201cNo entiendo por qu\u00e9 el gobernador se pone en ese plan con nosotros\u201d, apunt\u00f3 la autoridad.<\/p>\n\n\n\n<p>DENUNCIAN AL IEEPO<\/p>\n\n\n\n<p>Antes, alumnos y docentes de la Escuela Normal Biling\u00fce Intercultural de Oaxaca (ENBIO) se manifestaron con una marcha y protesta frente a Palacio de Gobierno para denunciar la imposici\u00f3n del IEEPO de ex \u201caviadores\u201d de la Secci\u00f3n 22 del SNTE en su plantel.<\/p>\n\n\n\n<p>Los inconformes se\u00f1alaron que la directiva del ENBIO ha recibido amenazas del director jur\u00eddico del Instituto Estatal de Educaci\u00f3n P\u00fablica de Oaxaca (IEEPO), Isa\u00edas Cruz L\u00f3pez, para que acepte a \u00d3scar Abd\u00f3n Cruz, protegido de los ex l\u00edderes de la Secci\u00f3n 22, Eloy L\u00f3pez Hern\u00e1ndez y Genaro Martinez.<\/p>\n\n\n\n<p>Indicaron que cuentan con documentos que respaldan que el IEEPO en contubernio con el grupo denominado \u201cpozoleros\u201d de la Secci\u00f3n 22 del SNTE, han cobrado por m\u00e1s de cuatro a\u00f1os en la ENBIO.<\/p>\n\n\n\n<p>Los alumnos y docentes exigen la salida de ese grupo de protegidos; fueron recibidos m\u00e1s tarde en una reuni\u00f3n de trabajo y despu\u00e9s del mediod\u00eda se retiraron.<\/p>\n\n\n\n<p>EN CIUDAD ADMINISTRATIVA<\/p>\n\n\n\n<p>La falta de obras en la colonia Reforma Agraria, de Santa Cruz Xoxocotl\u00e1n, llev\u00f3 a sus habitantes a exigir atenci\u00f3n de la Secretar\u00eda de las Infraestructuras y Comunicaciones (Sinfra) para que cumpla con la reparaci\u00f3n de hundimientos en varias avenidas de esta colonia.<\/p>\n\n\n\n<p>Pero, a su vez, la desatenci\u00f3n tambi\u00e9n gener\u00f3 problemas entre los manifestantes y los trabajadores del inmueble, quienes se confrontaron por varios minutos por el cierre del inmueble en Tlalixtac de Cabrera.<\/p>\n\n\n\n<p>CONTRA NERI<\/p>\n\n\n\n<p>Trabajadores de diferentes sindicatos del ayuntamiento de Oaxaca de Ju\u00e1rez exigieron al presidente Francisco Mart\u00ednez Neri soluci\u00f3n al pago de pensiones y cese al boicot a sus negaciones que realizan sus funcionarios a trav\u00e9s de un grupo adherido al Sindicato Independiente \u201c3 de Marzo\u201d.<\/p>\n\n\n\n<p>Los inconformes, pertenecientes al Sindicato Aut\u00f3nomo Adherido a la CROC, Independiente, 12 de Septiembre, Libre y Renacimiento \u201c2 de Febrero\u201d, demandan el cumplimiento de 10.5 millones de pesos de deuda a favor de los pensionados.<\/p>\n\n\n\n<p>La autoridad municipal, apuntaron, se comprometieron a pagar el 50 por ciento el 30 de junio y el resto en diferentes modalidades en el transcurso de la administraci\u00f3n, pero han encontrado sospechosamente el bloqueo del sindicato \u201c3 de Marzo\u201d, para llegar a cabo otras reuniones con los funcionarios municipales y concretar acuerdos.<\/p>\n","protected":false},"excerpt":{"rendered":"<p>Yuridiana Sosa\/Zona Roja. Oaxaca de Ju\u00e1rez, Oax., a 5 de junio de 2023.- La semana&hellip;<\/p>\n","protected":false},"author":2,"featured_media":56098,"comment_status":"closed","ping_status":"open","sticky":false,"template":"","format":"standard","meta":{"_lmt_disableupdate":"","_lmt_disable":"","_jetpack_memberships_contains_paid_content":false,"footnotes":""},"categories":[109,47],"tags":[2264],"class_list":["post-56097","post","type-post","status-publish","format-standard","has-post-thumbnail","hentry","category-minuto-a-minuto","category-zona-gris","tag-bloqueos-y-protestas-oaxaca"],"jetpack_featured_media_url":"https:\/\/zonaroja.com.mx\/wp-content\/uploads\/2023\/06\/Bloqueos-Oaxac-protesta-ENBIO.jpg","jetpack_sharing_enabled":true,"_links":{"self":[{"href":"https:\/\/zonaroja.com.mx\/index.php?rest_route=\/wp\/v2\/posts\/56097","targetHints":{"allow":["GET"]}}],"collection":[{"href":"https:\/\/zonaroja.com.mx\/index.php?rest_route=\/wp\/v2\/posts"}],"about":[{"href":"https:\/\/zonaroja.com.mx\/index.php?rest_route=\/wp\/v2\/types\/post"}],"author":[{"embeddable":true,"href":"https:\/\/zonaroja.com.mx\/index.php?rest_route=\/wp\/v2\/users\/2"}],"replies":[{"embeddable":true,"href":"https:\/\/zonaroja.com.mx\/index.php?rest_route=%2Fwp%2Fv2%2Fcomments&post=56097"}],"version-history":[{"count":1,"href":"https:\/\/zonaroja.com.mx\/index.php?rest_route=\/wp\/v2\/posts\/56097\/revisions"}],"predecessor-version":[{"id":56099,"href":"https:\/\/zonaroja.com.mx\/index.php?rest_route=\/wp\/v2\/posts\/56097\/revisions\/56099"}],"wp:featuredmedia":[{"embeddable":true,"href":"https:\/\/zonaroja.com.mx\/index.php?rest_route=\/wp\/v2\/media\/56098"}],"wp:attachment":[{"href":"https:\/\/zonaroja.com.mx\/index.php?rest_route=%2Fwp%2Fv2%2Fmedia&parent=56097"}],"wp:term":[{"taxonomy":"category","embeddable":true,"href":"https:\/\/zonaroja.com.mx\/index.php?rest_route=%2Fwp%2Fv2%2Fcategories&post=56097"},{"taxonomy":"post_tag","embeddable":true,"href":"https:\/\/zonaroja.com.mx\/index.php?rest_route=%2Fwp%2Fv2%2Ftags&post=56097"}],"curies":[{"name":"wp","href":"https:\/\/api.w.org\/{rel}","templated":true}]}}