{"id":56100,"date":"2023-06-05T23:18:19","date_gmt":"2023-06-06T04:18:19","guid":{"rendered":"http:\/\/www.zonaroja.com.mx\/?p=56100"},"modified":"2023-06-05T23:18:22","modified_gmt":"2023-06-06T04:18:22","slug":"quinto-dia-continuo-de-multihomicidios-en-oaxaca-hoy-dos","status":"publish","type":"post","link":"https:\/\/zonaroja.com.mx\/?p=56100","title":{"rendered":"Quinto d\u00eda continuo de multihomicidios en Oaxaca: hoy dos"},"content":{"rendered":"\n<p>Ismael Garc\u00eda M.\/Zona Roja.<\/p>\n\n\n\n<p>Oaxaca de Ju\u00e1rez, Oax., a 5 de junio de 2023.- Por quinto d\u00eda consecutivo de junio, Oaxaca registr\u00f3 m\u00e1s cr\u00edmenes, cometidos por disparos de arma de fuego.<\/p>\n\n\n\n<p>Esta noche, asesinaron a una persona del sexo masculino mientras conduc\u00eda una motocicleta, en la avenida Para\u00edsos de la agencia de Santa Teresa, en Huajuapan de Le\u00f3n.<\/p>\n\n\n\n<p>La v\u00edctima a\u00fan no ha sido identificada y personal de la polic\u00eda municipal acordon\u00f3 el \u00e1rea, en tanto la Vicefiscal\u00eda Regional de la Mixteca realiza las indagatorias correspondientes.<\/p>\n\n\n\n<p>Tambi\u00e9n esta noche, en la carretera estatal que comunica a Santa Catarina Juquila, a la altura del paraje \u201cHonduras\u201d, en jurisdicci\u00f3n de Santiago Yaitepec, un hombre fue ejecutado a balazos en el interior de su camioneta.<\/p>\n\n\n\n<p>La v\u00edctima fue identificada de manera preliminar Benito \u201cN\u201d y hasta el momento se desconocen las causas del asesinato. En este caso, personal de la Vicefiscal\u00eda Regional de la Costa arrib\u00f3 a la escena del crimen.<\/p>\n","protected":false},"excerpt":{"rendered":"<p>Ismael Garc\u00eda M.\/Zona Roja. Oaxaca de Ju\u00e1rez, Oax., a 5 de junio de 2023.- Por&hellip;<\/p>\n","protected":false},"author":2,"featured_media":56101,"comment_status":"closed","ping_status":"open","sticky":false,"template":"","format":"standard","meta":{"_lmt_disableupdate":"","_lmt_disable":"","_jetpack_memberships_contains_paid_content":false,"footnotes":""},"categories":[109,51],"tags":[594],"class_list":["post-56100","post","type-post","status-publish","format-standard","has-post-thumbnail","hentry","category-minuto-a-minuto","category-zona-roja","tag-huajuapan-de-leon"],"jetpack_featured_media_url":"https:\/\/zonaroja.com.mx\/wp-content\/uploads\/2023\/06\/Ejecutado-carretera-Juquila-Yaitepec.jpeg","jetpack_sharing_enabled":true,"_links":{"self":[{"href":"https:\/\/zonaroja.com.mx\/index.php?rest_route=\/wp\/v2\/posts\/56100","targetHints":{"allow":["GET"]}}],"collection":[{"href":"https:\/\/zonaroja.com.mx\/index.php?rest_route=\/wp\/v2\/posts"}],"about":[{"href":"https:\/\/zonaroja.com.mx\/index.php?rest_route=\/wp\/v2\/types\/post"}],"author":[{"embeddable":true,"href":"https:\/\/zonaroja.com.mx\/index.php?rest_route=\/wp\/v2\/users\/2"}],"replies":[{"embeddable":true,"href":"https:\/\/zonaroja.com.mx\/index.php?rest_route=%2Fwp%2Fv2%2Fcomments&post=56100"}],"version-history":[{"count":1,"href":"https:\/\/zonaroja.com.mx\/index.php?rest_route=\/wp\/v2\/posts\/56100\/revisions"}],"predecessor-version":[{"id":56102,"href":"https:\/\/zonaroja.com.mx\/index.php?rest_route=\/wp\/v2\/posts\/56100\/revisions\/56102"}],"wp:featuredmedia":[{"embeddable":true,"href":"https:\/\/zonaroja.com.mx\/index.php?rest_route=\/wp\/v2\/media\/56101"}],"wp:attachment":[{"href":"https:\/\/zonaroja.com.mx\/index.php?rest_route=%2Fwp%2Fv2%2Fmedia&parent=56100"}],"wp:term":[{"taxonomy":"category","embeddable":true,"href":"https:\/\/zonaroja.com.mx\/index.php?rest_route=%2Fwp%2Fv2%2Fcategories&post=56100"},{"taxonomy":"post_tag","embeddable":true,"href":"https:\/\/zonaroja.com.mx\/index.php?rest_route=%2Fwp%2Fv2%2Ftags&post=56100"}],"curies":[{"name":"wp","href":"https:\/\/api.w.org\/{rel}","templated":true}]}}